{"id":12510,"date":"2024-01-16T12:34:28","date_gmt":"2024-01-16T12:34:28","guid":{"rendered":"https:\/\/www.sennferrero.com\/?p=12510"},"modified":"2024-01-16T16:49:01","modified_gmt":"2024-01-16T16:49:01","slug":"sfa-present-at-the-premios-forque-2023","status":"publish","type":"post","link":"https:\/\/www.sennferrero.com\/en\/2024\/01\/16\/sfa-present-at-the-premios-forque-2023\/","title":{"rendered":"SFA present at the Premios Forque 2023"},"content":{"rendered":"\n<p>Jos\u00e9 Mar\u00eda Forqu\u00e9\u2019s Film Awards, also known as the Forqu\u00e9\u2019s Awards, were created in 1996 by the Entidad de Gesti\u00f3n de Derechos de los Productores Audiovisuales (Egeda) to honor the memory of Jos\u00e9 Mar\u00eda Forqu\u00e9, a fundamental figure in the Spanish filmmaking and the first president of Egeda, being Mr. Enrique Cerezo the current president.<\/p>\n\n\n\n<p>One of its main objectives is to contribute to the promotion of the Spanish audiovisual sector, rewarding the films and series with the highest technical and artistic values among those released each year in Spain.<\/p>\n\n\n\n<p>&nbsp;Our partners Julio Senn and I\u00f1igo de Lacalle were present at the gala of its twenty-ninth edition, which took place on December 17, 2023 at the Palacio de Exposiciones y Congresos in Madrid.<\/p>\n\n\n\n<p>Undoubtedly, the Spanish film industry has a reason to celebrate. The next gala of the sector will be the Feroz awards, prior to the Goya gala.<\/p>\n","protected":false},"excerpt":{"rendered":"<p>\u00a0Our partners Julio Senn and I\u00f1igo de Lacalle were present at the gala of its twenty-ninth edition, which took place on December 17, 2023 at the Palacio de Exposiciones y Congresos in Madrid.<\/p>\n","protected":false},"author":3,"featured_media":12512,"comment_status":"open","ping_status":"open","sticky":false,"template":"","format":"standard","meta":{"_acf_changed":false,"footnotes":""},"categories":[82,172,173],"tags":[],"class_list":["post-12510","post","type-post","status-publish","format-standard","has-post-thumbnail","hentry","category-news","category-sfa-news-2024","category-sfa-news-2024-news"],"acf":[],"yoast_head":"<!-- This site is optimized with the Yoast SEO plugin v26.6 - https:\/\/yoast.com\/wordpress\/plugins\/seo\/ -->\n<title>SFA present at the Premios Forque 2023 - Senn Ferrero<\/title>\n<meta name=\"robots\" content=\"index, follow, max-snippet:-1, max-image-preview:large, max-video-preview:-1\" \/>\n<link rel=\"canonical\" href=\"https:\/\/www.sennferrero.com\/en\/2024\/01\/16\/sfa-present-at-the-premios-forque-2023\/\" \/>\n<meta property=\"og:locale\" content=\"en_US\" \/>\n<meta property=\"og:type\" content=\"article\" \/>\n<meta property=\"og:title\" content=\"SFA present at the Premios Forque 2023 - Senn Ferrero\" \/>\n<meta property=\"og:description\" content=\"\u00a0Our partners Julio Senn and I\u00f1igo de Lacalle were present at the gala of its twenty-ninth edition, which took place on December 17, 2023 at the Palacio de Exposiciones y Congresos in Madrid.\" \/>\n<meta property=\"og:url\" content=\"https:\/\/www.sennferrero.com\/en\/2024\/01\/16\/sfa-present-at-the-premios-forque-2023\/\" \/>\n<meta property=\"og:site_name\" content=\"Senn Ferrero\" \/>\n<meta property=\"article:published_time\" content=\"2024-01-16T12:34:28+00:00\" \/>\n<meta property=\"article:modified_time\" content=\"2024-01-16T16:49:01+00:00\" \/>\n<meta property=\"og:image\" content=\"https:\/\/www.sennferrero.com\/wp-content\/uploads\/2024\/01\/N8_900x400.png\" \/>\n\t<meta property=\"og:image:width\" content=\"900\" \/>\n\t<meta property=\"og:image:height\" content=\"400\" \/>\n\t<meta property=\"og:image:type\" content=\"image\/png\" \/>\n<meta name=\"author\" content=\"Juan Arano\" \/>\n<meta name=\"twitter:card\" content=\"summary_large_image\" \/>\n<meta name=\"twitter:label1\" content=\"Written by\" \/>\n\t<meta name=\"twitter:data1\" content=\"Juan Arano\" \/>\n\t<meta name=\"twitter:label2\" content=\"Est. reading time\" \/>\n\t<meta name=\"twitter:data2\" content=\"1 minute\" \/>\n<script type=\"application\/ld+json\" class=\"yoast-schema-graph\">{\"@context\":\"https:\/\/schema.org\",\"@graph\":[{\"@type\":\"WebPage\",\"@id\":\"https:\/\/www.sennferrero.com\/en\/2024\/01\/16\/sfa-present-at-the-premios-forque-2023\/\",\"url\":\"https:\/\/www.sennferrero.com\/en\/2024\/01\/16\/sfa-present-at-the-premios-forque-2023\/\",\"name\":\"SFA present at the Premios Forque 2023 - Senn Ferrero\",\"isPartOf\":{\"@id\":\"https:\/\/www.sennferrero.com\/en\/#website\"},\"primaryImageOfPage\":{\"@id\":\"https:\/\/www.sennferrero.com\/en\/2024\/01\/16\/sfa-present-at-the-premios-forque-2023\/#primaryimage\"},\"image\":{\"@id\":\"https:\/\/www.sennferrero.com\/en\/2024\/01\/16\/sfa-present-at-the-premios-forque-2023\/#primaryimage\"},\"thumbnailUrl\":\"https:\/\/www.sennferrero.com\/wp-content\/uploads\/2024\/01\/N8_900x400.png\",\"datePublished\":\"2024-01-16T12:34:28+00:00\",\"dateModified\":\"2024-01-16T16:49:01+00:00\",\"author\":{\"@id\":\"https:\/\/www.sennferrero.com\/en\/#\/schema\/person\/86c3d2e970dac903f40e96d4841a84b0\"},\"breadcrumb\":{\"@id\":\"https:\/\/www.sennferrero.com\/en\/2024\/01\/16\/sfa-present-at-the-premios-forque-2023\/#breadcrumb\"},\"inLanguage\":\"en-US\",\"potentialAction\":[{\"@type\":\"ReadAction\",\"target\":[\"https:\/\/www.sennferrero.com\/en\/2024\/01\/16\/sfa-present-at-the-premios-forque-2023\/\"]}]},{\"@type\":\"ImageObject\",\"inLanguage\":\"en-US\",\"@id\":\"https:\/\/www.sennferrero.com\/en\/2024\/01\/16\/sfa-present-at-the-premios-forque-2023\/#primaryimage\",\"url\":\"https:\/\/www.sennferrero.com\/wp-content\/uploads\/2024\/01\/N8_900x400.png\",\"contentUrl\":\"https:\/\/www.sennferrero.com\/wp-content\/uploads\/2024\/01\/N8_900x400.png\",\"width\":900,\"height\":400},{\"@type\":\"BreadcrumbList\",\"@id\":\"https:\/\/www.sennferrero.com\/en\/2024\/01\/16\/sfa-present-at-the-premios-forque-2023\/#breadcrumb\",\"itemListElement\":[{\"@type\":\"ListItem\",\"position\":1,\"name\":\"Portada\",\"item\":\"https:\/\/www.sennferrero.com\/en\/\"},{\"@type\":\"ListItem\",\"position\":2,\"name\":\"SFA present at the Premios Forque 2023\"}]},{\"@type\":\"WebSite\",\"@id\":\"https:\/\/www.sennferrero.com\/en\/#website\",\"url\":\"https:\/\/www.sennferrero.com\/en\/\",\"name\":\"Senn Ferrero\",\"description\":\"A personal service, a global company\",\"potentialAction\":[{\"@type\":\"SearchAction\",\"target\":{\"@type\":\"EntryPoint\",\"urlTemplate\":\"https:\/\/www.sennferrero.com\/en\/?s={search_term_string}\"},\"query-input\":{\"@type\":\"PropertyValueSpecification\",\"valueRequired\":true,\"valueName\":\"search_term_string\"}}],\"inLanguage\":\"en-US\"},{\"@type\":\"Person\",\"@id\":\"https:\/\/www.sennferrero.com\/en\/#\/schema\/person\/86c3d2e970dac903f40e96d4841a84b0\",\"name\":\"Juan Arano\",\"image\":{\"@type\":\"ImageObject\",\"inLanguage\":\"en-US\",\"@id\":\"https:\/\/www.sennferrero.com\/en\/#\/schema\/person\/image\/\",\"url\":\"https:\/\/secure.gravatar.com\/avatar\/4af81b670254b85380fc75d5ebda96b9a04eab6f516049bb7924967e64fd40c8?s=96&d=mm&r=g\",\"contentUrl\":\"https:\/\/secure.gravatar.com\/avatar\/4af81b670254b85380fc75d5ebda96b9a04eab6f516049bb7924967e64fd40c8?s=96&d=mm&r=g\",\"caption\":\"Juan Arano\"},\"url\":\"https:\/\/www.sennferrero.com\/en\/author\/juanarano\/\"}]}<\/script>\n<!-- \/ Yoast SEO plugin. -->","yoast_head_json":{"title":"SFA present at the Premios Forque 2023 - Senn Ferrero","robots":{"index":"index","follow":"follow","max-snippet":"max-snippet:-1","max-image-preview":"max-image-preview:large","max-video-preview":"max-video-preview:-1"},"canonical":"https:\/\/www.sennferrero.com\/en\/2024\/01\/16\/sfa-present-at-the-premios-forque-2023\/","og_locale":"en_US","og_type":"article","og_title":"SFA present at the Premios Forque 2023 - Senn Ferrero","og_description":"\u00a0Our partners Julio Senn and I\u00f1igo de Lacalle were present at the gala of its twenty-ninth edition, which took place on December 17, 2023 at the Palacio de Exposiciones y Congresos in Madrid.","og_url":"https:\/\/www.sennferrero.com\/en\/2024\/01\/16\/sfa-present-at-the-premios-forque-2023\/","og_site_name":"Senn Ferrero","article_published_time":"2024-01-16T12:34:28+00:00","article_modified_time":"2024-01-16T16:49:01+00:00","og_image":[{"width":900,"height":400,"url":"https:\/\/www.sennferrero.com\/wp-content\/uploads\/2024\/01\/N8_900x400.png","type":"image\/png"}],"author":"Juan Arano","twitter_card":"summary_large_image","twitter_misc":{"Written by":"Juan Arano","Est. reading time":"1 minute"},"schema":{"@context":"https:\/\/schema.org","@graph":[{"@type":"WebPage","@id":"https:\/\/www.sennferrero.com\/en\/2024\/01\/16\/sfa-present-at-the-premios-forque-2023\/","url":"https:\/\/www.sennferrero.com\/en\/2024\/01\/16\/sfa-present-at-the-premios-forque-2023\/","name":"SFA present at the Premios Forque 2023 - Senn Ferrero","isPartOf":{"@id":"https:\/\/www.sennferrero.com\/en\/#website"},"primaryImageOfPage":{"@id":"https:\/\/www.sennferrero.com\/en\/2024\/01\/16\/sfa-present-at-the-premios-forque-2023\/#primaryimage"},"image":{"@id":"https:\/\/www.sennferrero.com\/en\/2024\/01\/16\/sfa-present-at-the-premios-forque-2023\/#primaryimage"},"thumbnailUrl":"https:\/\/www.sennferrero.com\/wp-content\/uploads\/2024\/01\/N8_900x400.png","datePublished":"2024-01-16T12:34:28+00:00","dateModified":"2024-01-16T16:49:01+00:00","author":{"@id":"https:\/\/www.sennferrero.com\/en\/#\/schema\/person\/86c3d2e970dac903f40e96d4841a84b0"},"breadcrumb":{"@id":"https:\/\/www.sennferrero.com\/en\/2024\/01\/16\/sfa-present-at-the-premios-forque-2023\/#breadcrumb"},"inLanguage":"en-US","potentialAction":[{"@type":"ReadAction","target":["https:\/\/www.sennferrero.com\/en\/2024\/01\/16\/sfa-present-at-the-premios-forque-2023\/"]}]},{"@type":"ImageObject","inLanguage":"en-US","@id":"https:\/\/www.sennferrero.com\/en\/2024\/01\/16\/sfa-present-at-the-premios-forque-2023\/#primaryimage","url":"https:\/\/www.sennferrero.com\/wp-content\/uploads\/2024\/01\/N8_900x400.png","contentUrl":"https:\/\/www.sennferrero.com\/wp-content\/uploads\/2024\/01\/N8_900x400.png","width":900,"height":400},{"@type":"BreadcrumbList","@id":"https:\/\/www.sennferrero.com\/en\/2024\/01\/16\/sfa-present-at-the-premios-forque-2023\/#breadcrumb","itemListElement":[{"@type":"ListItem","position":1,"name":"Portada","item":"https:\/\/www.sennferrero.com\/en\/"},{"@type":"ListItem","position":2,"name":"SFA present at the Premios Forque 2023"}]},{"@type":"WebSite","@id":"https:\/\/www.sennferrero.com\/en\/#website","url":"https:\/\/www.sennferrero.com\/en\/","name":"Senn Ferrero","description":"A personal service, a global company","potentialAction":[{"@type":"SearchAction","target":{"@type":"EntryPoint","urlTemplate":"https:\/\/www.sennferrero.com\/en\/?s={search_term_string}"},"query-input":{"@type":"PropertyValueSpecification","valueRequired":true,"valueName":"search_term_string"}}],"inLanguage":"en-US"},{"@type":"Person","@id":"https:\/\/www.sennferrero.com\/en\/#\/schema\/person\/86c3d2e970dac903f40e96d4841a84b0","name":"Juan Arano","image":{"@type":"ImageObject","inLanguage":"en-US","@id":"https:\/\/www.sennferrero.com\/en\/#\/schema\/person\/image\/","url":"https:\/\/secure.gravatar.com\/avatar\/4af81b670254b85380fc75d5ebda96b9a04eab6f516049bb7924967e64fd40c8?s=96&d=mm&r=g","contentUrl":"https:\/\/secure.gravatar.com\/avatar\/4af81b670254b85380fc75d5ebda96b9a04eab6f516049bb7924967e64fd40c8?s=96&d=mm&r=g","caption":"Juan Arano"},"url":"https:\/\/www.sennferrero.com\/en\/author\/juanarano\/"}]}},"_links":{"self":[{"href":"https:\/\/www.sennferrero.com\/en\/wp-json\/wp\/v2\/posts\/12510","targetHints":{"allow":["GET"]}}],"collection":[{"href":"https:\/\/www.sennferrero.com\/en\/wp-json\/wp\/v2\/posts"}],"about":[{"href":"https:\/\/www.sennferrero.com\/en\/wp-json\/wp\/v2\/types\/post"}],"author":[{"embeddable":true,"href":"https:\/\/www.sennferrero.com\/en\/wp-json\/wp\/v2\/users\/3"}],"replies":[{"embeddable":true,"href":"https:\/\/www.sennferrero.com\/en\/wp-json\/wp\/v2\/comments?post=12510"}],"version-history":[{"count":1,"href":"https:\/\/www.sennferrero.com\/en\/wp-json\/wp\/v2\/posts\/12510\/revisions"}],"predecessor-version":[{"id":12547,"href":"https:\/\/www.sennferrero.com\/en\/wp-json\/wp\/v2\/posts\/12510\/revisions\/12547"}],"wp:featuredmedia":[{"embeddable":true,"href":"https:\/\/www.sennferrero.com\/en\/wp-json\/wp\/v2\/media\/12512"}],"wp:attachment":[{"href":"https:\/\/www.sennferrero.com\/en\/wp-json\/wp\/v2\/media?parent=12510"}],"wp:term":[{"taxonomy":"category","embeddable":true,"href":"https:\/\/www.sennferrero.com\/en\/wp-json\/wp\/v2\/categories?post=12510"},{"taxonomy":"post_tag","embeddable":true,"href":"https:\/\/www.sennferrero.com\/en\/wp-json\/wp\/v2\/tags?post=12510"}],"curies":[{"name":"wp","href":"https:\/\/api.w.org\/{rel}","templated":true}]}}