{"id":2743,"date":"2020-12-28T07:17:00","date_gmt":"2020-12-28T07:17:00","guid":{"rendered":"https:\/\/sennferrero.com\/?p=2743"},"modified":"2021-02-03T07:17:13","modified_gmt":"2021-02-03T07:17:13","slug":"el-futbol-se-juega-ahora-en-los-despachos-de-abogados","status":"publish","type":"post","link":"https:\/\/www.sennferrero.com\/en\/2020\/12\/28\/el-futbol-se-juega-ahora-en-los-despachos-de-abogados\/","title":{"rendered":"El f\u00fatbol se juega ahora en los despachos de abogados"},"content":{"rendered":"\n<p><strong>\u00bfSon los ERTE la soluci\u00f3n o s\u00f3lo el primer paso del impacto en el deporte de la crisis sanitaria? La industria dise\u00f1a hip\u00f3tesis sobre los futuros escenarios en un contexto de fuerte incertidumbre y crisis a nivel global. La duraci\u00f3n de la crisis sanitaria abre muchas inc\u00f3gnitas.<\/strong><\/p>\n\n\n\n<p>Ajustes salariales, ERTEs, contenci\u00f3n de gastos, revisi\u00f3n de presupuestos, renegociaci\u00f3n de contratos audiovisuales&#8230; El deporte est\u00e1 parado, pero no la actividad dentro de los clubes de f\u00fatbol, que agotan sus jornadas de reuni\u00f3n en reuni\u00f3n afinando hip\u00f3tesis sobre futuros escenarios ante una crisis mundial de muy incierta duraci\u00f3n. \u00bfAcabar\u00e1n las temporadas? Si no lo hacen, \u00bfc\u00f3mo se decidir\u00e1n los campeones? \u00bfHabr\u00e1 Champions? \u00bfAguantar\u00e1n los presupuestos esta incertidumbre? \u00bfC\u00f3mo afecta un ERTE a la duraci\u00f3n del contrato del jugador con su club? \u00bfPodr\u00eda un contrato suspendido extinguirse unilateralmente mediante el abono de la cl\u00e1usula de rescisi\u00f3n?<\/p>\n\n\n\n<p>No hay respuestas, pero s\u00ed continuas consultas a abogados por parte de toda la industria deportiva para analizar opciones. &#8220;Esta situaci\u00f3n sin precedentes est\u00e1 planteando grandes desaf\u00edos en el sector, cuyas consecuencias legales se traducen en la adopci\u00f3n de medidas excepcionales entre las que se encuentran reformas normativas excepcionales en atenci\u00f3n a las circunstancias coyunturales&#8221; por el Covid-19, apuntan Patricia Gal\u00e1n y Alfredo Garz\u00f3n, de Senn Ferrero Asociados Sports &amp; Entertainment.<\/p>\n\n\n\n<p>\u00abSon numerosas las medidas que se est\u00e1n llevando a cabo en la industria deportiva\u00bb, agregan. Entre las dirigidas a garantizar la viabilidad econ\u00f3mica y financiera de los clubs de f\u00fatbol, apuntan que los ajustes son, por un lado, la renegociaci\u00f3n de contratos -empleados, alquiler de instalaciones, TV, patrocinio&#8230;-y, por otro, \u00abla activaci\u00f3n de campa\u00f1as de marketing, impulso de competiciones de eSports o potenciaci\u00f3n de venta de merchandising online\u00bb. \u00abAdicionalmente, resulta preciso a\u00f1adir las medidas que se est\u00e1n barajando en cuanto a la flexibilizaci\u00f3n del control econ\u00f3mico y financiero\u00bb, concluyen.<\/p>\n\n\n\n<h3 class=\"wp-block-heading\">Endeudamiento<\/h3>\n\n\n\n<p>En ese sentido, Alberto Palomar, socio del \u00e1rea de Derecho P\u00fablico de Broseta, se\u00f1ala que \u00abel paso siguiente a la reducci\u00f3n de costes es, probablemente, el endeudamiento\u00bb, una mala noticia tras el fuerte esfuerzo en este \u00e1mbito del f\u00fatbol profesional. La l\u00ednea de saneamiento financiero \u00abpuede quebrarse\u00bb. \u00abHabr\u00e1 que determinar si se hace con criterio y l\u00f3gica com\u00fan -como hasta ahora- o cada uno por donde pueda\u00bb, agrega Palomar, que avisa de que \u00abesta situaci\u00f3n acabar\u00e1 poniendo en riesgo la solvencia y la consistencia del sistema en general\u00bb. Y si \u00aba eso se le une una previsible reducci\u00f3n de los ingresos por publicidad y televisi\u00f3n, el panorama se presenta como especialmente complejo\u00bb.<\/p>\n\n\n\n<p>Por el momento, Palomar estima que la industria del deporte debe evaluar primero los costes de la p\u00e9rdida de ingresos que se ha producido \u00aby determinar si su alcance es meramente temporal o tiene un car\u00e1cter estructural que se va proyectar en el tiempo\u00bb. En el primer caso, las soluciones ser\u00edan del mismo calibre. Pero \u00absi tiene una proyecci\u00f3n temporal superior obligar\u00e1 a una reconsideraci\u00f3n mucho m\u00e1s profunda que afecta al producto y a lo que se puede abonar por el mismo\u00bb, apunta el socio de Broseta en un contexto en el que la industria \u00abest\u00e1 soportada las televisiones y por la publicidad y ambos sectores, que se retroalimentan, tendr\u00e1n previsible problemas para mantenerse en los mismos niveles que en la actualidad\u00bb.<\/p>\n\n\n\n<p>A partir de ah\u00ed las soluciones pasan hoy por medidas de alcance temporal, donde se engloban los ERTEs. Pero \u00absi se mantiene la deflaci\u00f3n del sector, obligar\u00e1 a una reducci\u00f3n de costes m\u00e1s amplia\u00bb, lo que en t\u00e9rminos laborales podr\u00edamos considerar pasar del ERTE al ERE). Todo ello sin olvidar que \u00abuna de las caracter\u00edsticas del deporte es que la plantilla laboral (no su coste, claro est\u00e1) est\u00e1 delimitada y es obligatoria frente al mundo laboral com\u00fan en el que la plantilla es una de las decisiones de los empresarios\u00bb.<\/p>\n\n\n\n<h3 class=\"wp-block-heading\">Duraci\u00f3n<\/h3>\n\n\n\n<p>Javier Torres, director de KPMG Sports, tambi\u00e9n recuerda que la \u00abduraci\u00f3n de las medidas o la implementaci\u00f3n de otras depender\u00e1 de la duraci\u00f3n de la pandemia\u00bb. \u00abEl impacto variar\u00e1 de manera significativa en funci\u00f3n de lo pronto que se reanuden las competiciones y si contar\u00e1n o no con espectadores\u00bb. Tras los ERTEs. \u00abno es descartable otro tipo de medidas a medio o largo plazo\u00bb en la industria deportiva.<\/p>\n\n\n\n<p>Por eso, Torres entiende que la preocupaci\u00f3n ir\u00e1 \u00aben ascenso o en descenso en la medida que la situaci\u00f3n actual se prolongue o no en el tiempo\u00bb. Y ser\u00e1 as\u00ed a nivel espa\u00f1ol, europeo y mundial. En el primero, \u00abla potencial finalizaci\u00f3n anticipada de competiciones como LaLiga reducir\u00eda sustancialmente el ingreso por derechos televisivos y de manera directa el dinero en el mundo del deporte espa\u00f1ol en general, una vez aprobado el Real Decreto que repart\u00eda parte de este dinero en otros deportes minoritarios\u00bb. En el \u00e1mbito europeo, el impacto vendr\u00e1 sobre todo de la mano del aplazamiento a 2021 de la Eurocopa. Y, a nivel mundial, KPMG confirma que \u00abel impacto m\u00e1s significativo\u00bb es el retraso en la celebraci\u00f3n de los JJOO de Tokio, que lleg\u00f3 tras las suspensiones en la NBA, el Mundial de F1, el circuito ATP de Tenis o el Mundial de Motociclismo, entre otras competiciones.<\/p>\n\n\n\n<p>En cualquiera de estos niveles, los efectos econ\u00f3micos del Covid-19 habr\u00e1 que medirlos en tres tipos principales, seg\u00fan recuerda el director de KPMG Sports. \u00abEl directo, que afecta a clubs, federaciones, competiciones, promotores, compa\u00f1\u00edas de TV y patrocinio y deportistas individuales, que ven alterada su actividad de negocio, sin poder cumplir contratos, sin ingresos por venta de entradas y\/o patrocionios; el impacto indirecto a empresas suministradoras de servicios (gesti\u00f3n, instalaciones, fabricantes, firmas deportivas, alimentaci\u00f3n, seguridad) y el impacto indirecto de negocios contiguos que se ven ligados a la celebraci\u00f3n de estos eventos deportivos (como restauraci\u00f3n, hoteles, transportes, turismo u ocio)\u00bb.<\/p>\n\n\n\n<h3 class=\"wp-block-heading\">Escenarios de futuro<\/h3>\n\n\n\n<p>As\u00ed las cosas, \u00bfqu\u00e9 se puede esperar del futuro? El escenario al que se enfrenta el sector del deporte profesional ser\u00e1 \u00abmuy delicado y de una profunda crisis econ\u00f3mica y social, cuyo alcance a la presente fecha es incierto\u00bb, avisan Patricia Gal\u00e1n y Alfredo Garz\u00f3n, de Senn Ferrero Asociados Sports &amp; Entertainment. S\u00f3lo a corto plazo se enfrenta a cuestiones como \u00abla implementaci\u00f3n de medidas de control econ\u00f3mico y financiero m\u00e1s fuertes que afectar\u00e1n a los salarios y al importe de las transferencias de jugadores, pasando por la revisi\u00f3n de los ingresos para evitar la dependencia de los derechos televisivos o del ticketing\u00bb. Tambi\u00e9n deber\u00e1n desarrollarse \u00abestrategias de comercializaci\u00f3n, explotaci\u00f3n y gesti\u00f3n de los derechos audiovisuales m\u00e1s selectivas\u00bb dado el alto n\u00famero de competiciones deportivas que deber\u00e1n disputarse en 2021 y 2002. \u00abLas plataformas OTT que ya ven\u00edan teniendo peso ser\u00e1n seguramente m\u00e1s importantes todav\u00eda\u00bb, auguran Gal\u00e1n y Garz\u00f3n.<\/p>\n\n\n\n<p>Alberto Palomar, por su parte, se\u00f1ala que el futuro de la industria pasa por la \u00abnecesidad de adaptaci\u00f3n en todos los \u00e1mbitos: desde su visibilidad -ya que es previsible que no se nos permitan concentraciones de personas en los estadios- hasta la reducci\u00f3n de ingresos, de costes y de reconversi\u00f3n del sector\u00bb, advierte el socio de Broseta. \u00abEl problema fundamental es que esto debe hacerse en el marco de un mercado com\u00fan europeo y mundial en el que la crisis no ha operado con la misma intensidad lo que genera que, adicionalmente, se plantee un problema de combatividad y p\u00e9rdida de talento que incremente el problema de base\u00bb, apostilla.<\/p>\n\n\n\n<p>En KPMG Sports hablan de un posible \u00abefecto rotura de la burbuja\u00bb en el mundo del deporte en general, y espec\u00edficamente, en el f\u00fatbol. \u00bfEl resultado? \u00abUna bajada significativa en las cantidades que \u00faltimamente se estaban pagando en concepto de traspasos y fichajes\u00bb, avisa Javier Torres, director del \u00e1rea. \u00abSe podr\u00eda producir un &#8216;estancamiento&#8217; en la espiral al alza en la que estaba metido el mundo del f\u00fatbol y verse sometido a un proceso de racionalizaci\u00f3n econ\u00f3mica\u00bb. Y dentro de ese proceso, \u00abse ver\u00e1n equipos que han sabido gestionar las \u00e9pocas de bonanza financiera para establecer una estructura s\u00f3lida y quienes no han sido cautos\u00bb.<\/p>\n\n\n\n<p>Pero siempre queda una llamada al optimismo pues, pese a todo esto, \u00abel mundo del deporte en general es una industria con una fuerte demanda por lo que podr\u00eda ser uno de los sectores que antes saliera de esta \u00e9poca de crisis\u00bb, concluye Torres.<\/p>\n\n\n\n<p><a href=\"https:\/\/www.expansion.com\/directivos\/deporte-negocio\/2020\/04\/13\/5e875880e5fdea48438b45fc.html\" target=\"_blank\" rel=\"noreferrer noopener\">Ver en Expansi\u00f3n<\/a><\/p>\n","protected":false},"excerpt":{"rendered":"<p>Art\u00edculo publicado en Expansi\u00f3n con el t\u00edtulo \u201cEl f\u00fatbol se juega ahora en los despachos de abogados\u201d en el que aparecen Patricia Gal\u00e1n y Alfredo Garz\u00f3n ofreciendo su punto de vista sobre dicho asunto.<\/p>\n","protected":false},"author":3,"featured_media":2741,"comment_status":"open","ping_status":"open","sticky":false,"template":"","format":"standard","meta":{"_acf_changed":false,"footnotes":""},"categories":[84],"tags":[113,98],"class_list":["post-2743","post","type-post","status-publish","format-standard","has-post-thumbnail","hentry","category-opinions","tag-alfredo-garzon-2","tag-patricia-galan-en"],"acf":[],"yoast_head":"<!-- This site is optimized with the Yoast SEO plugin v26.6 - https:\/\/yoast.com\/wordpress\/plugins\/seo\/ -->\n<title>El f\u00fatbol se juega ahora en los despachos de abogados - Senn Ferrero<\/title>\n<meta name=\"robots\" content=\"index, follow, max-snippet:-1, max-image-preview:large, max-video-preview:-1\" \/>\n<link rel=\"canonical\" href=\"https:\/\/www.sennferrero.com\/en\/2020\/12\/28\/el-futbol-se-juega-ahora-en-los-despachos-de-abogados\/\" \/>\n<meta property=\"og:locale\" content=\"en_US\" \/>\n<meta property=\"og:type\" content=\"article\" \/>\n<meta property=\"og:title\" content=\"El f\u00fatbol se juega ahora en los despachos de abogados - Senn Ferrero\" \/>\n<meta property=\"og:description\" content=\"Art\u00edculo publicado en Expansi\u00f3n con el t\u00edtulo \u201cEl f\u00fatbol se juega ahora en los despachos de abogados\u201d en el que aparecen Patricia Gal\u00e1n y Alfredo Garz\u00f3n ofreciendo su punto de vista sobre dicho asunto.\" \/>\n<meta property=\"og:url\" content=\"https:\/\/www.sennferrero.com\/en\/2020\/12\/28\/el-futbol-se-juega-ahora-en-los-despachos-de-abogados\/\" \/>\n<meta property=\"og:site_name\" content=\"Senn Ferrero\" \/>\n<meta property=\"article:published_time\" content=\"2020-12-28T07:17:00+00:00\" \/>\n<meta property=\"article:modified_time\" content=\"2021-02-03T07:17:13+00:00\" \/>\n<meta property=\"og:image\" content=\"https:\/\/www.sennferrero.com\/wp-content\/uploads\/2021\/02\/patricia_y_alfredo.png\" \/>\n\t<meta property=\"og:image:width\" content=\"901\" \/>\n\t<meta property=\"og:image:height\" content=\"401\" \/>\n\t<meta property=\"og:image:type\" content=\"image\/png\" \/>\n<meta name=\"author\" content=\"Juan Arano\" \/>\n<meta name=\"twitter:card\" content=\"summary_large_image\" \/>\n<meta name=\"twitter:label1\" content=\"Written by\" \/>\n\t<meta name=\"twitter:data1\" content=\"Juan Arano\" \/>\n\t<meta name=\"twitter:label2\" content=\"Est. reading time\" \/>\n\t<meta name=\"twitter:data2\" content=\"6 minutes\" \/>\n<script type=\"application\/ld+json\" class=\"yoast-schema-graph\">{\"@context\":\"https:\/\/schema.org\",\"@graph\":[{\"@type\":\"WebPage\",\"@id\":\"https:\/\/www.sennferrero.com\/en\/2020\/12\/28\/el-futbol-se-juega-ahora-en-los-despachos-de-abogados\/\",\"url\":\"https:\/\/www.sennferrero.com\/en\/2020\/12\/28\/el-futbol-se-juega-ahora-en-los-despachos-de-abogados\/\",\"name\":\"El f\u00fatbol se juega ahora en los despachos de abogados - Senn Ferrero\",\"isPartOf\":{\"@id\":\"https:\/\/www.sennferrero.com\/en\/#website\"},\"primaryImageOfPage\":{\"@id\":\"https:\/\/www.sennferrero.com\/en\/2020\/12\/28\/el-futbol-se-juega-ahora-en-los-despachos-de-abogados\/#primaryimage\"},\"image\":{\"@id\":\"https:\/\/www.sennferrero.com\/en\/2020\/12\/28\/el-futbol-se-juega-ahora-en-los-despachos-de-abogados\/#primaryimage\"},\"thumbnailUrl\":\"https:\/\/www.sennferrero.com\/wp-content\/uploads\/2021\/02\/patricia_y_alfredo.png\",\"datePublished\":\"2020-12-28T07:17:00+00:00\",\"dateModified\":\"2021-02-03T07:17:13+00:00\",\"author\":{\"@id\":\"https:\/\/www.sennferrero.com\/en\/#\/schema\/person\/86c3d2e970dac903f40e96d4841a84b0\"},\"breadcrumb\":{\"@id\":\"https:\/\/www.sennferrero.com\/en\/2020\/12\/28\/el-futbol-se-juega-ahora-en-los-despachos-de-abogados\/#breadcrumb\"},\"inLanguage\":\"en-US\",\"potentialAction\":[{\"@type\":\"ReadAction\",\"target\":[\"https:\/\/www.sennferrero.com\/en\/2020\/12\/28\/el-futbol-se-juega-ahora-en-los-despachos-de-abogados\/\"]}]},{\"@type\":\"ImageObject\",\"inLanguage\":\"en-US\",\"@id\":\"https:\/\/www.sennferrero.com\/en\/2020\/12\/28\/el-futbol-se-juega-ahora-en-los-despachos-de-abogados\/#primaryimage\",\"url\":\"https:\/\/www.sennferrero.com\/wp-content\/uploads\/2021\/02\/patricia_y_alfredo.png\",\"contentUrl\":\"https:\/\/www.sennferrero.com\/wp-content\/uploads\/2021\/02\/patricia_y_alfredo.png\",\"width\":901,\"height\":401},{\"@type\":\"BreadcrumbList\",\"@id\":\"https:\/\/www.sennferrero.com\/en\/2020\/12\/28\/el-futbol-se-juega-ahora-en-los-despachos-de-abogados\/#breadcrumb\",\"itemListElement\":[{\"@type\":\"ListItem\",\"position\":1,\"name\":\"Portada\",\"item\":\"https:\/\/www.sennferrero.com\/en\/\"},{\"@type\":\"ListItem\",\"position\":2,\"name\":\"El f\u00fatbol se juega ahora en los despachos de abogados\"}]},{\"@type\":\"WebSite\",\"@id\":\"https:\/\/www.sennferrero.com\/en\/#website\",\"url\":\"https:\/\/www.sennferrero.com\/en\/\",\"name\":\"Senn Ferrero\",\"description\":\"A personal service, a global company\",\"potentialAction\":[{\"@type\":\"SearchAction\",\"target\":{\"@type\":\"EntryPoint\",\"urlTemplate\":\"https:\/\/www.sennferrero.com\/en\/?s={search_term_string}\"},\"query-input\":{\"@type\":\"PropertyValueSpecification\",\"valueRequired\":true,\"valueName\":\"search_term_string\"}}],\"inLanguage\":\"en-US\"},{\"@type\":\"Person\",\"@id\":\"https:\/\/www.sennferrero.com\/en\/#\/schema\/person\/86c3d2e970dac903f40e96d4841a84b0\",\"name\":\"Juan Arano\",\"image\":{\"@type\":\"ImageObject\",\"inLanguage\":\"en-US\",\"@id\":\"https:\/\/www.sennferrero.com\/en\/#\/schema\/person\/image\/\",\"url\":\"https:\/\/secure.gravatar.com\/avatar\/4af81b670254b85380fc75d5ebda96b9a04eab6f516049bb7924967e64fd40c8?s=96&d=mm&r=g\",\"contentUrl\":\"https:\/\/secure.gravatar.com\/avatar\/4af81b670254b85380fc75d5ebda96b9a04eab6f516049bb7924967e64fd40c8?s=96&d=mm&r=g\",\"caption\":\"Juan Arano\"},\"url\":\"https:\/\/www.sennferrero.com\/en\/author\/juanarano\/\"}]}<\/script>\n<!-- \/ Yoast SEO plugin. -->","yoast_head_json":{"title":"El f\u00fatbol se juega ahora en los despachos de abogados - Senn Ferrero","robots":{"index":"index","follow":"follow","max-snippet":"max-snippet:-1","max-image-preview":"max-image-preview:large","max-video-preview":"max-video-preview:-1"},"canonical":"https:\/\/www.sennferrero.com\/en\/2020\/12\/28\/el-futbol-se-juega-ahora-en-los-despachos-de-abogados\/","og_locale":"en_US","og_type":"article","og_title":"El f\u00fatbol se juega ahora en los despachos de abogados - Senn Ferrero","og_description":"Art\u00edculo publicado en Expansi\u00f3n con el t\u00edtulo \u201cEl f\u00fatbol se juega ahora en los despachos de abogados\u201d en el que aparecen Patricia Gal\u00e1n y Alfredo Garz\u00f3n ofreciendo su punto de vista sobre dicho asunto.","og_url":"https:\/\/www.sennferrero.com\/en\/2020\/12\/28\/el-futbol-se-juega-ahora-en-los-despachos-de-abogados\/","og_site_name":"Senn Ferrero","article_published_time":"2020-12-28T07:17:00+00:00","article_modified_time":"2021-02-03T07:17:13+00:00","og_image":[{"width":901,"height":401,"url":"https:\/\/www.sennferrero.com\/wp-content\/uploads\/2021\/02\/patricia_y_alfredo.png","type":"image\/png"}],"author":"Juan Arano","twitter_card":"summary_large_image","twitter_misc":{"Written by":"Juan Arano","Est. reading time":"6 minutes"},"schema":{"@context":"https:\/\/schema.org","@graph":[{"@type":"WebPage","@id":"https:\/\/www.sennferrero.com\/en\/2020\/12\/28\/el-futbol-se-juega-ahora-en-los-despachos-de-abogados\/","url":"https:\/\/www.sennferrero.com\/en\/2020\/12\/28\/el-futbol-se-juega-ahora-en-los-despachos-de-abogados\/","name":"El f\u00fatbol se juega ahora en los despachos de abogados - Senn Ferrero","isPartOf":{"@id":"https:\/\/www.sennferrero.com\/en\/#website"},"primaryImageOfPage":{"@id":"https:\/\/www.sennferrero.com\/en\/2020\/12\/28\/el-futbol-se-juega-ahora-en-los-despachos-de-abogados\/#primaryimage"},"image":{"@id":"https:\/\/www.sennferrero.com\/en\/2020\/12\/28\/el-futbol-se-juega-ahora-en-los-despachos-de-abogados\/#primaryimage"},"thumbnailUrl":"https:\/\/www.sennferrero.com\/wp-content\/uploads\/2021\/02\/patricia_y_alfredo.png","datePublished":"2020-12-28T07:17:00+00:00","dateModified":"2021-02-03T07:17:13+00:00","author":{"@id":"https:\/\/www.sennferrero.com\/en\/#\/schema\/person\/86c3d2e970dac903f40e96d4841a84b0"},"breadcrumb":{"@id":"https:\/\/www.sennferrero.com\/en\/2020\/12\/28\/el-futbol-se-juega-ahora-en-los-despachos-de-abogados\/#breadcrumb"},"inLanguage":"en-US","potentialAction":[{"@type":"ReadAction","target":["https:\/\/www.sennferrero.com\/en\/2020\/12\/28\/el-futbol-se-juega-ahora-en-los-despachos-de-abogados\/"]}]},{"@type":"ImageObject","inLanguage":"en-US","@id":"https:\/\/www.sennferrero.com\/en\/2020\/12\/28\/el-futbol-se-juega-ahora-en-los-despachos-de-abogados\/#primaryimage","url":"https:\/\/www.sennferrero.com\/wp-content\/uploads\/2021\/02\/patricia_y_alfredo.png","contentUrl":"https:\/\/www.sennferrero.com\/wp-content\/uploads\/2021\/02\/patricia_y_alfredo.png","width":901,"height":401},{"@type":"BreadcrumbList","@id":"https:\/\/www.sennferrero.com\/en\/2020\/12\/28\/el-futbol-se-juega-ahora-en-los-despachos-de-abogados\/#breadcrumb","itemListElement":[{"@type":"ListItem","position":1,"name":"Portada","item":"https:\/\/www.sennferrero.com\/en\/"},{"@type":"ListItem","position":2,"name":"El f\u00fatbol se juega ahora en los despachos de abogados"}]},{"@type":"WebSite","@id":"https:\/\/www.sennferrero.com\/en\/#website","url":"https:\/\/www.sennferrero.com\/en\/","name":"Senn Ferrero","description":"A personal service, a global company","potentialAction":[{"@type":"SearchAction","target":{"@type":"EntryPoint","urlTemplate":"https:\/\/www.sennferrero.com\/en\/?s={search_term_string}"},"query-input":{"@type":"PropertyValueSpecification","valueRequired":true,"valueName":"search_term_string"}}],"inLanguage":"en-US"},{"@type":"Person","@id":"https:\/\/www.sennferrero.com\/en\/#\/schema\/person\/86c3d2e970dac903f40e96d4841a84b0","name":"Juan Arano","image":{"@type":"ImageObject","inLanguage":"en-US","@id":"https:\/\/www.sennferrero.com\/en\/#\/schema\/person\/image\/","url":"https:\/\/secure.gravatar.com\/avatar\/4af81b670254b85380fc75d5ebda96b9a04eab6f516049bb7924967e64fd40c8?s=96&d=mm&r=g","contentUrl":"https:\/\/secure.gravatar.com\/avatar\/4af81b670254b85380fc75d5ebda96b9a04eab6f516049bb7924967e64fd40c8?s=96&d=mm&r=g","caption":"Juan Arano"},"url":"https:\/\/www.sennferrero.com\/en\/author\/juanarano\/"}]}},"_links":{"self":[{"href":"https:\/\/www.sennferrero.com\/en\/wp-json\/wp\/v2\/posts\/2743","targetHints":{"allow":["GET"]}}],"collection":[{"href":"https:\/\/www.sennferrero.com\/en\/wp-json\/wp\/v2\/posts"}],"about":[{"href":"https:\/\/www.sennferrero.com\/en\/wp-json\/wp\/v2\/types\/post"}],"author":[{"embeddable":true,"href":"https:\/\/www.sennferrero.com\/en\/wp-json\/wp\/v2\/users\/3"}],"replies":[{"embeddable":true,"href":"https:\/\/www.sennferrero.com\/en\/wp-json\/wp\/v2\/comments?post=2743"}],"version-history":[{"count":1,"href":"https:\/\/www.sennferrero.com\/en\/wp-json\/wp\/v2\/posts\/2743\/revisions"}],"predecessor-version":[{"id":2744,"href":"https:\/\/www.sennferrero.com\/en\/wp-json\/wp\/v2\/posts\/2743\/revisions\/2744"}],"wp:featuredmedia":[{"embeddable":true,"href":"https:\/\/www.sennferrero.com\/en\/wp-json\/wp\/v2\/media\/2741"}],"wp:attachment":[{"href":"https:\/\/www.sennferrero.com\/en\/wp-json\/wp\/v2\/media?parent=2743"}],"wp:term":[{"taxonomy":"category","embeddable":true,"href":"https:\/\/www.sennferrero.com\/en\/wp-json\/wp\/v2\/categories?post=2743"},{"taxonomy":"post_tag","embeddable":true,"href":"https:\/\/www.sennferrero.com\/en\/wp-json\/wp\/v2\/tags?post=2743"}],"curies":[{"name":"wp","href":"https:\/\/api.w.org\/{rel}","templated":true}]}}