{"id":2762,"date":"2020-12-25T07:32:00","date_gmt":"2020-12-25T07:32:00","guid":{"rendered":"https:\/\/sennferrero.com\/?p=2762"},"modified":"2021-02-03T07:35:23","modified_gmt":"2021-02-03T07:35:23","slug":"ultimas-novedades-relativas-a-la-reforma-del-sistema-de-transferencias-de-la-fifa","status":"publish","type":"post","link":"https:\/\/www.sennferrero.com\/en\/2020\/12\/25\/ultimas-novedades-relativas-a-la-reforma-del-sistema-de-transferencias-de-la-fifa\/","title":{"rendered":"\u00daltimas novedades relativas a la reforma del sistema de transferencias de la FIFA"},"content":{"rendered":"\n<p>El pasado&nbsp;<strong>27 de febrero de 2020<\/strong>, la FIFA publicaba<a href=\"http:\/\/sennferrero_old.pro\/es\/opinion\/645-ultimas-novedades-relativas-a-la-reforma-del-sistema-de-transferencias-de-la-fifa#_ftn1\">[1]<\/a>&nbsp;las \u00faltimas novedades y medidas acordadas por la Comisi\u00f3n de Grupos de Inter\u00e9s del F\u00fatbol de la FIFA<a href=\"http:\/\/sennferrero_old.pro\/es\/opinion\/645-ultimas-novedades-relativas-a-la-reforma-del-sistema-de-transferencias-de-la-fifa#_ftn2\">[2]<\/a>&nbsp;dentro del tan anunciado y esperado paquete de reformas al sistema de transferencia que viene implementando<a href=\"http:\/\/sennferrero_old.pro\/es\/opinion\/645-ultimas-novedades-relativas-a-la-reforma-del-sistema-de-transferencias-de-la-fifa#_ftn3\">[3]<\/a>.<\/p>\n\n\n\n<p>Las novedades publicadas son las siguientes:<\/p>\n\n\n\n<ol class=\"wp-block-list\" type=\"A\"><li><strong>Nuevo mecanismo de compensaci\u00f3n por formaci\u00f3n:<\/strong>Se anuncia la creaci\u00f3n de un fondo para cubrir parcialmente la indemnizaci\u00f3n por formaci\u00f3n. El fondo estar\u00e1 financiado por una tasa adicional del 1&nbsp;% que se aplicar\u00e1 a las sumas pagadas por los traspasos. Este nuevo sistema fomentar\u00e1 y recompensar\u00e1 los esfuerzos de los clubes formadores, ya que los pagos se abonar\u00e1n autom\u00e1ticamente a trav\u00e9s de la nueva C\u00e1mara de Compensaci\u00f3n de la FIFA. Quedar\u00e1n por definir los par\u00e1metros concretos de la categorizaci\u00f3n de los clubes y el c\u00e1lculo de los gastos de formaci\u00f3n antes de enviar la propuesta al Consejo de la FIFA, al objeto de dicha entre en vigor en 2022.&nbsp;<\/li><li><strong>Limitaciones relativas a las cesiones de jugadores:<\/strong>La FIFA confirma de nuevo las limitaciones que afectaran al n\u00famero de cesiones temporales de jugadores para garantizar que estas tengan como finalidad el desarrollo deportivo de los futbolistas j\u00f3venes. A continuaci\u00f3n, detallamos las medidas propuestas, que se enviar\u00e1 a la Comisi\u00f3n del Estatuto del Jugador y al Consejo de la FIFA para su aprobaci\u00f3n e implementaci\u00f3n efectiva a partir de julio de 2020<a href=\"http:\/\/sennferrero_old.pro\/es\/opinion\/645-ultimas-novedades-relativas-a-la-reforma-del-sistema-de-transferencias-de-la-fifa#_ftn4\">[4]<\/a>:<ul><li>En primer lugar, confirman que la limitaci\u00f3n afectar\u00e1 al n\u00famero de cesiones de jugadores que tengan o sean mayores de&nbsp;<strong>22 a\u00f1os<\/strong>&nbsp;(anteriormente, en septiembre de 2019 la Comisi\u00f3n de Grupos de Inter\u00e9s del F\u00fatbol de la FIFA hab\u00eda anunciado que la restricci\u00f3n afectar\u00eda a aquellos jugadores mayores de 21 a\u00f1os y jugadores menores de 21 a\u00f1os que no hayan sido formados por el club<a href=\"http:\/\/sennferrero_old.pro\/es\/opinion\/645-ultimas-novedades-relativas-a-la-reforma-del-sistema-de-transferencias-de-la-fifa#_ftn5\">[5]<\/a>).<\/li><li>Dichas restricciones son las siguientes y se implementar\u00e1n paulatinamente de conformidad con el siguiente calendario:<ul><li>Temporada 2020\/2021: Limitaci\u00f3n de un m\u00e1ximo de 8 cesiones (de entrada y salida).<\/li><li>Temporada 2021\/2022: Limitaci\u00f3n de un m\u00e1ximo de 7 cesiones (de entrada y salida).<\/li><li>Temporada 2022\/2023: Limitaci\u00f3n de un m\u00e1ximo de 6 cesiones (de entrada y salida).<\/li><\/ul><\/li><li>A pesar de que en la nota m\u00e1s reciente no se dice nada al respecto, recordemos que anteriormente en septiembre de 2019 se anunci\u00f3 tambi\u00e9n una limitaci\u00f3n de un m\u00e1ximo de 3 cesiones (tanto de entrada como de salida) entre los mismos clubes.<\/li><\/ul>Desde la adopci\u00f3n de estas medidas, las federaciones dispondr\u00e1n de un periodo de 3 a\u00f1os para adoptar estos principios y aplicarlos en las cesiones de \u00e1mbito nacional.<\/li><li><strong>Limitaci\u00f3n geogr\u00e1fica en relaci\u00f3n a los partidos oficiales de competiciones nacionales<\/strong>Esta es la principal novedad anunciada en esta \u00faltima reuni\u00f3n de febrero de 2020, habiendo respaldado la comisi\u00f3n el principio establecido por el Consejo de la FIFA por el cual los partidos oficiales de competiciones nacionales&nbsp;<strong>deber\u00e1n disputarse en el territorio de la federaci\u00f3n miembro en cuesti\u00f3n<\/strong>. La normativa correspondiente se presentar\u00e1 ante el Consejo de la FIFA.Dicha restricci\u00f3n parece intentar atajar conflictos como el acaecido en Espa\u00f1a, donde La Liga y la Real Federaci\u00f3n Espa\u00f1ola de F\u00fatbol se han enfrentado debido a la posibilidad de que varios partidos oficiales de liga se jugar\u00e1n en EEUU o en otros pa\u00edses<a href=\"http:\/\/sennferrero_old.pro\/es\/opinion\/645-ultimas-novedades-relativas-a-la-reforma-del-sistema-de-transferencias-de-la-fifa#_ftn6\">[6]<\/a>.<\/li><\/ol>\n\n\n\n<p>Estas nuevas medidas se suman a las ya anunciadas y que est\u00e1n desarroll\u00e1ndose en la actualidad por la FIFA como los l\u00edmites a las comisiones de los agentes, la vuelta al sistema de licencia \u00fanica, la gesti\u00f3n de los pagos a trav\u00e9s de la C\u00e1mara de Compensaci\u00f3n (\u201c<em>Clearing House<\/em>\u201d) y la implementaci\u00f3n de un nuevo y efectivo sistema de resoluci\u00f3n de disputas.<\/p>\n\n\n\n<p>Seguiremos por tanto atentos a su futura implementaci\u00f3n, la cual sin duda se ver\u00e1 afectada por la actual situaci\u00f3n de emergencia sanitaria generada por el COVID-19 y que podr\u00eda retrasar el calendario previsto en relaci\u00f3n a la reforma al sistema de transferencias.<\/p>\n\n\n\n<hr class=\"wp-block-separator\"\/>\n\n\n\n<p><a href=\"http:\/\/sennferrero_old.pro\/es\/opinion\/645-ultimas-novedades-relativas-a-la-reforma-del-sistema-de-transferencias-de-la-fifa#_ftnref1\">[1]<\/a>&nbsp;<a href=\"https:\/\/es.fifa.com\/who-we-are\/news\/los-actores-del-futbol-acuerdan-nuevas-reformas-del-sistema-de-traspasos\" target=\"_blank\" rel=\"noreferrer noopener\">FIFA.om &#8211; Los actores del f\u00fatbol acuerdan nuevas reformas del sistema de traspasos<\/a><\/p>\n\n\n\n<p><a href=\"http:\/\/sennferrero_old.pro\/es\/opinion\/645-ultimas-novedades-relativas-a-la-reforma-del-sistema-de-transferencias-de-la-fifa#_ftnref2\">[2]<\/a>&nbsp;De la que forman parte representantes de los clubes, las ligas y los jugadores, as\u00ed como de las federaciones miembro, las confederaciones y la administraci\u00f3n de la FIFA.<\/p>\n\n\n\n<p><a href=\"http:\/\/sennferrero_old.pro\/es\/opinion\/645-ultimas-novedades-relativas-a-la-reforma-del-sistema-de-transferencias-de-la-fifa#_ftnref3\">[3]<\/a>&nbsp;<a href=\"https:\/\/www.fifa.com\/who-we-are\/news\/football-stakeholders-endorse-landmark-reforms-of-the-transfer-system\" target=\"_blank\" rel=\"noreferrer noopener\">FIFA.com &#8211; Football stakeholders endorse landmark reforms of the transfer system<\/a><\/p>\n\n\n\n<p><a href=\"http:\/\/sennferrero_old.pro\/es\/opinion\/645-ultimas-novedades-relativas-a-la-reforma-del-sistema-de-transferencias-de-la-fifa#_ftnref4\">[4]<\/a>&nbsp;Dicha plazo ha sido suspendido temporalmente por Decisi\u00f3n del Bureau del Consejo de la FIFA de 27&nbsp; de marzo de 2020 y tal y como se refleja en las Directrices de la FIFA para afrontar las consecuencias jur\u00eddicas de la COVID-19:&nbsp;<a href=\"https:\/\/es.fifa.com\/who-we-are\/news\/directrices-de-la-fifa-para-afrontar-las-consecuencias-juridicas-de-la-covid-19\" target=\"_blank\" rel=\"noreferrer noopener\">FIFA.com -Directrices de la FIFA para afrontar las consecuencias jur\u00eddicas de la COVID-19<\/a><\/p>\n\n\n\n<p><a href=\"http:\/\/sennferrero_old.pro\/es\/opinion\/645-ultimas-novedades-relativas-a-la-reforma-del-sistema-de-transferencias-de-la-fifa#_ftnref5\">[5]<\/a>&nbsp;<a href=\"https:\/\/www.fifa.com\/about-fifa\/who-we-are\/news\/fifa-and-football-stakeholders-recommend-cap-on-agents-commissions-and-limit-on-\" target=\"_blank\" rel=\"noreferrer noopener\">FIFA.com &#8211; FIFA and football stakeholders recommend cap on agents\u2019 commissions and limit on loans<\/a><\/p>\n\n\n\n<p><a href=\"http:\/\/sennferrero_old.pro\/es\/opinion\/645-ultimas-novedades-relativas-a-la-reforma-del-sistema-de-transferencias-de-la-fifa#_ftnref6\">[6]<\/a>&nbsp;<a href=\"https:\/\/iusport.com\/art\/102302\/la-juez-de-lo-mercantil-no-ve-competencia-desleal-de-la-rfef-en-el-girona-barca-de-eeuu\" target=\"_blank\" rel=\"noreferrer noopener\">Iusport.com &#8211; La juez de lo mercantil no ve competencia desleal de la RFEF en el Girona-Bar\u00e7a de Miami<\/a><\/p>\n","protected":false},"excerpt":{"rendered":"<p>El pasado 27 de febrero de 2020, la FIFA publicaba las \u00faltimas novedades y medidas acordadas por la Comisi\u00f3n de Grupos de Inter\u00e9s del F\u00fatbol de la FIFA dentro del tan anunciado y esperado paquete de reformas al sistema de transferencia que viene implementando.<\/p>\n","protected":false},"author":3,"featured_media":2733,"comment_status":"open","ping_status":"open","sticky":false,"template":"","format":"standard","meta":{"_acf_changed":false,"footnotes":""},"categories":[84],"tags":[102],"class_list":["post-2762","post","type-post","status-publish","format-standard","has-post-thumbnail","hentry","category-opinions","tag-ignacio-triguero-en"],"acf":[],"yoast_head":"<!-- This site is optimized with the Yoast SEO plugin v26.6 - https:\/\/yoast.com\/wordpress\/plugins\/seo\/ -->\n<title>\u00daltimas novedades relativas a la reforma del sistema de transferencias de la FIFA - Senn Ferrero<\/title>\n<meta name=\"robots\" content=\"index, follow, max-snippet:-1, max-image-preview:large, max-video-preview:-1\" \/>\n<link rel=\"canonical\" href=\"https:\/\/www.sennferrero.com\/en\/2020\/12\/25\/ultimas-novedades-relativas-a-la-reforma-del-sistema-de-transferencias-de-la-fifa\/\" \/>\n<meta property=\"og:locale\" content=\"en_US\" \/>\n<meta property=\"og:type\" content=\"article\" \/>\n<meta property=\"og:title\" content=\"\u00daltimas novedades relativas a la reforma del sistema de transferencias de la FIFA - Senn Ferrero\" \/>\n<meta property=\"og:description\" content=\"El pasado 27 de febrero de 2020, la FIFA publicaba las \u00faltimas novedades y medidas acordadas por la Comisi\u00f3n de Grupos de Inter\u00e9s del F\u00fatbol de la FIFA dentro del tan anunciado y esperado paquete de reformas al sistema de transferencia que viene implementando.\" \/>\n<meta property=\"og:url\" content=\"https:\/\/www.sennferrero.com\/en\/2020\/12\/25\/ultimas-novedades-relativas-a-la-reforma-del-sistema-de-transferencias-de-la-fifa\/\" \/>\n<meta property=\"og:site_name\" content=\"Senn Ferrero\" \/>\n<meta property=\"article:published_time\" content=\"2020-12-25T07:32:00+00:00\" \/>\n<meta property=\"article:modified_time\" content=\"2021-02-03T07:35:23+00:00\" \/>\n<meta property=\"og:image\" content=\"https:\/\/www.sennferrero.com\/wp-content\/uploads\/2021\/02\/ignacio_triguero.png\" \/>\n\t<meta property=\"og:image:width\" content=\"901\" \/>\n\t<meta property=\"og:image:height\" content=\"401\" \/>\n\t<meta property=\"og:image:type\" content=\"image\/png\" \/>\n<meta name=\"author\" content=\"Juan Arano\" \/>\n<meta name=\"twitter:card\" content=\"summary_large_image\" \/>\n<meta name=\"twitter:label1\" content=\"Written by\" \/>\n\t<meta name=\"twitter:data1\" content=\"Juan Arano\" \/>\n\t<meta name=\"twitter:label2\" content=\"Est. reading time\" \/>\n\t<meta name=\"twitter:data2\" content=\"4 minutes\" \/>\n<script type=\"application\/ld+json\" class=\"yoast-schema-graph\">{\"@context\":\"https:\/\/schema.org\",\"@graph\":[{\"@type\":\"WebPage\",\"@id\":\"https:\/\/www.sennferrero.com\/en\/2020\/12\/25\/ultimas-novedades-relativas-a-la-reforma-del-sistema-de-transferencias-de-la-fifa\/\",\"url\":\"https:\/\/www.sennferrero.com\/en\/2020\/12\/25\/ultimas-novedades-relativas-a-la-reforma-del-sistema-de-transferencias-de-la-fifa\/\",\"name\":\"\u00daltimas novedades relativas a la reforma del sistema de transferencias de la FIFA - Senn Ferrero\",\"isPartOf\":{\"@id\":\"https:\/\/www.sennferrero.com\/en\/#website\"},\"primaryImageOfPage\":{\"@id\":\"https:\/\/www.sennferrero.com\/en\/2020\/12\/25\/ultimas-novedades-relativas-a-la-reforma-del-sistema-de-transferencias-de-la-fifa\/#primaryimage\"},\"image\":{\"@id\":\"https:\/\/www.sennferrero.com\/en\/2020\/12\/25\/ultimas-novedades-relativas-a-la-reforma-del-sistema-de-transferencias-de-la-fifa\/#primaryimage\"},\"thumbnailUrl\":\"https:\/\/www.sennferrero.com\/wp-content\/uploads\/2021\/02\/ignacio_triguero.png\",\"datePublished\":\"2020-12-25T07:32:00+00:00\",\"dateModified\":\"2021-02-03T07:35:23+00:00\",\"author\":{\"@id\":\"https:\/\/www.sennferrero.com\/en\/#\/schema\/person\/86c3d2e970dac903f40e96d4841a84b0\"},\"breadcrumb\":{\"@id\":\"https:\/\/www.sennferrero.com\/en\/2020\/12\/25\/ultimas-novedades-relativas-a-la-reforma-del-sistema-de-transferencias-de-la-fifa\/#breadcrumb\"},\"inLanguage\":\"en-US\",\"potentialAction\":[{\"@type\":\"ReadAction\",\"target\":[\"https:\/\/www.sennferrero.com\/en\/2020\/12\/25\/ultimas-novedades-relativas-a-la-reforma-del-sistema-de-transferencias-de-la-fifa\/\"]}]},{\"@type\":\"ImageObject\",\"inLanguage\":\"en-US\",\"@id\":\"https:\/\/www.sennferrero.com\/en\/2020\/12\/25\/ultimas-novedades-relativas-a-la-reforma-del-sistema-de-transferencias-de-la-fifa\/#primaryimage\",\"url\":\"https:\/\/www.sennferrero.com\/wp-content\/uploads\/2021\/02\/ignacio_triguero.png\",\"contentUrl\":\"https:\/\/www.sennferrero.com\/wp-content\/uploads\/2021\/02\/ignacio_triguero.png\",\"width\":901,\"height\":401},{\"@type\":\"BreadcrumbList\",\"@id\":\"https:\/\/www.sennferrero.com\/en\/2020\/12\/25\/ultimas-novedades-relativas-a-la-reforma-del-sistema-de-transferencias-de-la-fifa\/#breadcrumb\",\"itemListElement\":[{\"@type\":\"ListItem\",\"position\":1,\"name\":\"Portada\",\"item\":\"https:\/\/www.sennferrero.com\/en\/\"},{\"@type\":\"ListItem\",\"position\":2,\"name\":\"\u00daltimas novedades relativas a la reforma del sistema de transferencias de la FIFA\"}]},{\"@type\":\"WebSite\",\"@id\":\"https:\/\/www.sennferrero.com\/en\/#website\",\"url\":\"https:\/\/www.sennferrero.com\/en\/\",\"name\":\"Senn Ferrero\",\"description\":\"A personal service, a global company\",\"potentialAction\":[{\"@type\":\"SearchAction\",\"target\":{\"@type\":\"EntryPoint\",\"urlTemplate\":\"https:\/\/www.sennferrero.com\/en\/?s={search_term_string}\"},\"query-input\":{\"@type\":\"PropertyValueSpecification\",\"valueRequired\":true,\"valueName\":\"search_term_string\"}}],\"inLanguage\":\"en-US\"},{\"@type\":\"Person\",\"@id\":\"https:\/\/www.sennferrero.com\/en\/#\/schema\/person\/86c3d2e970dac903f40e96d4841a84b0\",\"name\":\"Juan Arano\",\"image\":{\"@type\":\"ImageObject\",\"inLanguage\":\"en-US\",\"@id\":\"https:\/\/www.sennferrero.com\/en\/#\/schema\/person\/image\/\",\"url\":\"https:\/\/secure.gravatar.com\/avatar\/4af81b670254b85380fc75d5ebda96b9a04eab6f516049bb7924967e64fd40c8?s=96&d=mm&r=g\",\"contentUrl\":\"https:\/\/secure.gravatar.com\/avatar\/4af81b670254b85380fc75d5ebda96b9a04eab6f516049bb7924967e64fd40c8?s=96&d=mm&r=g\",\"caption\":\"Juan Arano\"},\"url\":\"https:\/\/www.sennferrero.com\/en\/author\/juanarano\/\"}]}<\/script>\n<!-- \/ Yoast SEO plugin. -->","yoast_head_json":{"title":"\u00daltimas novedades relativas a la reforma del sistema de transferencias de la FIFA - Senn Ferrero","robots":{"index":"index","follow":"follow","max-snippet":"max-snippet:-1","max-image-preview":"max-image-preview:large","max-video-preview":"max-video-preview:-1"},"canonical":"https:\/\/www.sennferrero.com\/en\/2020\/12\/25\/ultimas-novedades-relativas-a-la-reforma-del-sistema-de-transferencias-de-la-fifa\/","og_locale":"en_US","og_type":"article","og_title":"\u00daltimas novedades relativas a la reforma del sistema de transferencias de la FIFA - Senn Ferrero","og_description":"El pasado 27 de febrero de 2020, la FIFA publicaba las \u00faltimas novedades y medidas acordadas por la Comisi\u00f3n de Grupos de Inter\u00e9s del F\u00fatbol de la FIFA dentro del tan anunciado y esperado paquete de reformas al sistema de transferencia que viene implementando.","og_url":"https:\/\/www.sennferrero.com\/en\/2020\/12\/25\/ultimas-novedades-relativas-a-la-reforma-del-sistema-de-transferencias-de-la-fifa\/","og_site_name":"Senn Ferrero","article_published_time":"2020-12-25T07:32:00+00:00","article_modified_time":"2021-02-03T07:35:23+00:00","og_image":[{"width":901,"height":401,"url":"https:\/\/www.sennferrero.com\/wp-content\/uploads\/2021\/02\/ignacio_triguero.png","type":"image\/png"}],"author":"Juan Arano","twitter_card":"summary_large_image","twitter_misc":{"Written by":"Juan Arano","Est. reading time":"4 minutes"},"schema":{"@context":"https:\/\/schema.org","@graph":[{"@type":"WebPage","@id":"https:\/\/www.sennferrero.com\/en\/2020\/12\/25\/ultimas-novedades-relativas-a-la-reforma-del-sistema-de-transferencias-de-la-fifa\/","url":"https:\/\/www.sennferrero.com\/en\/2020\/12\/25\/ultimas-novedades-relativas-a-la-reforma-del-sistema-de-transferencias-de-la-fifa\/","name":"\u00daltimas novedades relativas a la reforma del sistema de transferencias de la FIFA - Senn Ferrero","isPartOf":{"@id":"https:\/\/www.sennferrero.com\/en\/#website"},"primaryImageOfPage":{"@id":"https:\/\/www.sennferrero.com\/en\/2020\/12\/25\/ultimas-novedades-relativas-a-la-reforma-del-sistema-de-transferencias-de-la-fifa\/#primaryimage"},"image":{"@id":"https:\/\/www.sennferrero.com\/en\/2020\/12\/25\/ultimas-novedades-relativas-a-la-reforma-del-sistema-de-transferencias-de-la-fifa\/#primaryimage"},"thumbnailUrl":"https:\/\/www.sennferrero.com\/wp-content\/uploads\/2021\/02\/ignacio_triguero.png","datePublished":"2020-12-25T07:32:00+00:00","dateModified":"2021-02-03T07:35:23+00:00","author":{"@id":"https:\/\/www.sennferrero.com\/en\/#\/schema\/person\/86c3d2e970dac903f40e96d4841a84b0"},"breadcrumb":{"@id":"https:\/\/www.sennferrero.com\/en\/2020\/12\/25\/ultimas-novedades-relativas-a-la-reforma-del-sistema-de-transferencias-de-la-fifa\/#breadcrumb"},"inLanguage":"en-US","potentialAction":[{"@type":"ReadAction","target":["https:\/\/www.sennferrero.com\/en\/2020\/12\/25\/ultimas-novedades-relativas-a-la-reforma-del-sistema-de-transferencias-de-la-fifa\/"]}]},{"@type":"ImageObject","inLanguage":"en-US","@id":"https:\/\/www.sennferrero.com\/en\/2020\/12\/25\/ultimas-novedades-relativas-a-la-reforma-del-sistema-de-transferencias-de-la-fifa\/#primaryimage","url":"https:\/\/www.sennferrero.com\/wp-content\/uploads\/2021\/02\/ignacio_triguero.png","contentUrl":"https:\/\/www.sennferrero.com\/wp-content\/uploads\/2021\/02\/ignacio_triguero.png","width":901,"height":401},{"@type":"BreadcrumbList","@id":"https:\/\/www.sennferrero.com\/en\/2020\/12\/25\/ultimas-novedades-relativas-a-la-reforma-del-sistema-de-transferencias-de-la-fifa\/#breadcrumb","itemListElement":[{"@type":"ListItem","position":1,"name":"Portada","item":"https:\/\/www.sennferrero.com\/en\/"},{"@type":"ListItem","position":2,"name":"\u00daltimas novedades relativas a la reforma del sistema de transferencias de la FIFA"}]},{"@type":"WebSite","@id":"https:\/\/www.sennferrero.com\/en\/#website","url":"https:\/\/www.sennferrero.com\/en\/","name":"Senn Ferrero","description":"A personal service, a global company","potentialAction":[{"@type":"SearchAction","target":{"@type":"EntryPoint","urlTemplate":"https:\/\/www.sennferrero.com\/en\/?s={search_term_string}"},"query-input":{"@type":"PropertyValueSpecification","valueRequired":true,"valueName":"search_term_string"}}],"inLanguage":"en-US"},{"@type":"Person","@id":"https:\/\/www.sennferrero.com\/en\/#\/schema\/person\/86c3d2e970dac903f40e96d4841a84b0","name":"Juan Arano","image":{"@type":"ImageObject","inLanguage":"en-US","@id":"https:\/\/www.sennferrero.com\/en\/#\/schema\/person\/image\/","url":"https:\/\/secure.gravatar.com\/avatar\/4af81b670254b85380fc75d5ebda96b9a04eab6f516049bb7924967e64fd40c8?s=96&d=mm&r=g","contentUrl":"https:\/\/secure.gravatar.com\/avatar\/4af81b670254b85380fc75d5ebda96b9a04eab6f516049bb7924967e64fd40c8?s=96&d=mm&r=g","caption":"Juan Arano"},"url":"https:\/\/www.sennferrero.com\/en\/author\/juanarano\/"}]}},"_links":{"self":[{"href":"https:\/\/www.sennferrero.com\/en\/wp-json\/wp\/v2\/posts\/2762","targetHints":{"allow":["GET"]}}],"collection":[{"href":"https:\/\/www.sennferrero.com\/en\/wp-json\/wp\/v2\/posts"}],"about":[{"href":"https:\/\/www.sennferrero.com\/en\/wp-json\/wp\/v2\/types\/post"}],"author":[{"embeddable":true,"href":"https:\/\/www.sennferrero.com\/en\/wp-json\/wp\/v2\/users\/3"}],"replies":[{"embeddable":true,"href":"https:\/\/www.sennferrero.com\/en\/wp-json\/wp\/v2\/comments?post=2762"}],"version-history":[{"count":1,"href":"https:\/\/www.sennferrero.com\/en\/wp-json\/wp\/v2\/posts\/2762\/revisions"}],"predecessor-version":[{"id":2763,"href":"https:\/\/www.sennferrero.com\/en\/wp-json\/wp\/v2\/posts\/2762\/revisions\/2763"}],"wp:featuredmedia":[{"embeddable":true,"href":"https:\/\/www.sennferrero.com\/en\/wp-json\/wp\/v2\/media\/2733"}],"wp:attachment":[{"href":"https:\/\/www.sennferrero.com\/en\/wp-json\/wp\/v2\/media?parent=2762"}],"wp:term":[{"taxonomy":"category","embeddable":true,"href":"https:\/\/www.sennferrero.com\/en\/wp-json\/wp\/v2\/categories?post=2762"},{"taxonomy":"post_tag","embeddable":true,"href":"https:\/\/www.sennferrero.com\/en\/wp-json\/wp\/v2\/tags?post=2762"}],"curies":[{"name":"wp","href":"https:\/\/api.w.org\/{rel}","templated":true}]}}