{"id":2855,"date":"2020-12-12T08:34:00","date_gmt":"2020-12-12T08:34:00","guid":{"rendered":"https:\/\/sennferrero.com\/2020\/12\/12\/el-calcio-da-un-paso-al-frente\/"},"modified":"2020-12-12T08:34:00","modified_gmt":"2020-12-12T08:34:00","slug":"el-calcio-da-un-paso-al-frente","status":"publish","type":"post","link":"https:\/\/www.sennferrero.com\/en\/2020\/12\/12\/el-calcio-da-un-paso-al-frente\/","title":{"rendered":"El Calcio da un paso al frente"},"content":{"rendered":"\n<p>No cabe duda de que las medidas de pol\u00edtica fiscal influyen directamente en nuestro d\u00eda a d\u00eda y por ende en el mundo del f\u00fatbol. En este sentido, recientemente Italia ha apostado firmemente por incentivar fiscalmente la llegada de jugadores a su liga lo que, con total seguridad, supondr\u00e1 un fortalecimiento de su campeonato nacional, un mejor posicionamiento en competiciones europeas y una atracci\u00f3n para terceros (como pueden ser patrocinadores o inversores que puedan desplazarse a Italia incitados por dichas medidas).<\/p>\n\n\n\n<p>La pol\u00edtica fiscal a nivel comunitario permite a los pa\u00edses miembros regular su propia normativa del IRPF y, en este sentido, vemos como determinados pa\u00edses tratan de atraer talento y potencial, introduciendo mejoras fiscales en sus normativas internas. El Reino Unido ya ven\u00eda haci\u00e9ndolo hist\u00f3ricamente, Francia y Holanda hicieron lo propio, Portugal tambi\u00e9n adopt\u00f3 determinados reg\u00edmenes fiscales en esta misma l\u00ednea a trav\u00e9s de su r\u00e9gimen de residentes no habituales, y finalmente ha sido Italia quien ha decidido sumarse a esta lista, aportando por mejorar su competitividad fiscal.<\/p>\n\n\n\n<p>A este respecto, Italia acaba de aprobar un r\u00e9gimen extremadamente favorecedor que implica que aquellos jugadores y entrenadores que se trasladen a dicho pa\u00eds y sean residentes fiscales a partir de 2020 estar\u00e1n exentos de un 50% de las remuneraciones percibidas, durante un periodo de diez a\u00f1os. Esto es, s\u00f3lo tributar\u00e1n sobre el 50% de su salario, quedando el 50% restante exento.<\/p>\n\n\n\n<p>Con esta medida, Italia se posiciona estrat\u00e9gicamente como destino id\u00edlico para muchos jugadores y entrenadores, dado que los clubes podr\u00e1n ofrecer mayores retribuciones a los jugadores, sin que les suponga un esfuerzo econ\u00f3mico superior, gracias a la reducida carga fiscal que tendr\u00e1n que soportar. Todo ello, sin perjuicio de analizar, en cada caso concreto, las reglas de residencia fiscal del contribuyente, as\u00ed como las formalidades que el r\u00e9gimen fiscal especial exige para su implementaci\u00f3n.<\/p>\n\n\n\n<p>Mientras tanto, cabe recordar que Espa\u00f1a dispone de un r\u00e9gimen fiscal especial de impatriados del cual se excluye expresamente en su aplicaci\u00f3n a aquellos deportistas acogidos al&nbsp;<em>Real Decreto 1006\/1985, de 26 de junio<\/em>, bajo una t\u00e9cnica legislativa que puede resultar contraria al principio de igualdad y cuya constitucionalidad es cuestionada por muchos autores.<\/p>\n\n\n\n<p>En este escenario vemos c\u00f3mo Espa\u00f1a se desmarca del camino que parte de los Estados miembros han decido seguir, de cara a fomentar el deporte, sus competiciones nacionales y favorecer el posicionamiento a nivel internacional de sus respectivas ligas a trav\u00e9s de medidas de pol\u00edtica fiscal.<\/p>\n\n\n\n<p>Desde nuestro punto de vista, y dada la relevancia de la industria del deporte y del f\u00fatbol en Espa\u00f1a, con repercusi\u00f3n no s\u00f3lo a nivel nacional, sino m\u00e1s all\u00e1 de nuestras fronteras, creemos oportuna una reflexi\u00f3n profunda del modelo a seguir, impulsando incentivos fiscales que puedan potenciar la llegada de talento y la generaci\u00f3n de ingresos, que a su vez puedan implicar un fortalecimiento financiero de los clubes y que asimismo, revierta positivamente en otras industrias complementarias al deporte como por ejemplo la hostelera, prensa o moda.<\/p>\n\n\n\n<p><a href=\"http:\/\/sennferrero_old.pro\/descargaspdf\/articulo\/591\/eduardo_montejo_expansion_calcio_sf.pdf\" target=\"_blank\" rel=\"noreferrer noopener\">Descargar art\u00edculo en formato PDF<\/a><\/p>\n","protected":false},"excerpt":{"rendered":"<p>Art\u00edculo publicado en la edici\u00f3n del 19 de julio de 2019 del diario econ\u00f3mico Expansi\u00f3n, en el que Eduardo Montejo analiza los cambios en la pol\u00edtica fiscal italiana con respecto a la tributaci\u00f3n de los deportistas.<\/p>\n","protected":false},"author":3,"featured_media":2853,"comment_status":"open","ping_status":"open","sticky":false,"template":"","format":"standard","meta":{"_acf_changed":false,"footnotes":""},"categories":[84],"tags":[105],"class_list":["post-2855","post","type-post","status-publish","format-standard","has-post-thumbnail","hentry","category-opinions","tag-eduardo-montejo-en"],"acf":[],"yoast_head":"<!-- This site is optimized with the Yoast SEO plugin v26.6 - https:\/\/yoast.com\/wordpress\/plugins\/seo\/ -->\n<title>El Calcio da un paso al frente - Senn Ferrero<\/title>\n<meta name=\"robots\" content=\"index, follow, max-snippet:-1, max-image-preview:large, max-video-preview:-1\" \/>\n<link rel=\"canonical\" href=\"https:\/\/www.sennferrero.com\/en\/2020\/12\/12\/el-calcio-da-un-paso-al-frente\/\" \/>\n<meta property=\"og:locale\" content=\"en_US\" \/>\n<meta property=\"og:type\" content=\"article\" \/>\n<meta property=\"og:title\" content=\"El Calcio da un paso al frente - Senn Ferrero\" \/>\n<meta property=\"og:description\" content=\"Art\u00edculo publicado en la edici\u00f3n del 19 de julio de 2019 del diario econ\u00f3mico Expansi\u00f3n, en el que Eduardo Montejo analiza los cambios en la pol\u00edtica fiscal italiana con respecto a la tributaci\u00f3n de los deportistas.\" \/>\n<meta property=\"og:url\" content=\"https:\/\/www.sennferrero.com\/en\/2020\/12\/12\/el-calcio-da-un-paso-al-frente\/\" \/>\n<meta property=\"og:site_name\" content=\"Senn Ferrero\" \/>\n<meta property=\"article:published_time\" content=\"2020-12-12T08:34:00+00:00\" \/>\n<meta property=\"og:image\" content=\"https:\/\/www.sennferrero.com\/wp-content\/uploads\/2021\/02\/edurardo_montejo.png\" \/>\n\t<meta property=\"og:image:width\" content=\"901\" \/>\n\t<meta property=\"og:image:height\" content=\"400\" \/>\n\t<meta property=\"og:image:type\" content=\"image\/png\" \/>\n<meta name=\"author\" content=\"Juan Arano\" \/>\n<meta name=\"twitter:card\" content=\"summary_large_image\" \/>\n<meta name=\"twitter:label1\" content=\"Written by\" \/>\n\t<meta name=\"twitter:data1\" content=\"Juan Arano\" \/>\n\t<meta name=\"twitter:label2\" content=\"Est. reading time\" \/>\n\t<meta name=\"twitter:data2\" content=\"3 minutes\" \/>\n<script type=\"application\/ld+json\" class=\"yoast-schema-graph\">{\"@context\":\"https:\/\/schema.org\",\"@graph\":[{\"@type\":\"WebPage\",\"@id\":\"https:\/\/www.sennferrero.com\/en\/2020\/12\/12\/el-calcio-da-un-paso-al-frente\/\",\"url\":\"https:\/\/www.sennferrero.com\/en\/2020\/12\/12\/el-calcio-da-un-paso-al-frente\/\",\"name\":\"El Calcio da un paso al frente - Senn Ferrero\",\"isPartOf\":{\"@id\":\"https:\/\/www.sennferrero.com\/en\/#website\"},\"primaryImageOfPage\":{\"@id\":\"https:\/\/www.sennferrero.com\/en\/2020\/12\/12\/el-calcio-da-un-paso-al-frente\/#primaryimage\"},\"image\":{\"@id\":\"https:\/\/www.sennferrero.com\/en\/2020\/12\/12\/el-calcio-da-un-paso-al-frente\/#primaryimage\"},\"thumbnailUrl\":\"https:\/\/www.sennferrero.com\/wp-content\/uploads\/2021\/02\/edurardo_montejo.png\",\"datePublished\":\"2020-12-12T08:34:00+00:00\",\"author\":{\"@id\":\"https:\/\/www.sennferrero.com\/en\/#\/schema\/person\/86c3d2e970dac903f40e96d4841a84b0\"},\"breadcrumb\":{\"@id\":\"https:\/\/www.sennferrero.com\/en\/2020\/12\/12\/el-calcio-da-un-paso-al-frente\/#breadcrumb\"},\"inLanguage\":\"en-US\",\"potentialAction\":[{\"@type\":\"ReadAction\",\"target\":[\"https:\/\/www.sennferrero.com\/en\/2020\/12\/12\/el-calcio-da-un-paso-al-frente\/\"]}]},{\"@type\":\"ImageObject\",\"inLanguage\":\"en-US\",\"@id\":\"https:\/\/www.sennferrero.com\/en\/2020\/12\/12\/el-calcio-da-un-paso-al-frente\/#primaryimage\",\"url\":\"https:\/\/www.sennferrero.com\/wp-content\/uploads\/2021\/02\/edurardo_montejo.png\",\"contentUrl\":\"https:\/\/www.sennferrero.com\/wp-content\/uploads\/2021\/02\/edurardo_montejo.png\",\"width\":901,\"height\":400},{\"@type\":\"BreadcrumbList\",\"@id\":\"https:\/\/www.sennferrero.com\/en\/2020\/12\/12\/el-calcio-da-un-paso-al-frente\/#breadcrumb\",\"itemListElement\":[{\"@type\":\"ListItem\",\"position\":1,\"name\":\"Portada\",\"item\":\"https:\/\/www.sennferrero.com\/en\/\"},{\"@type\":\"ListItem\",\"position\":2,\"name\":\"El Calcio da un paso al frente\"}]},{\"@type\":\"WebSite\",\"@id\":\"https:\/\/www.sennferrero.com\/en\/#website\",\"url\":\"https:\/\/www.sennferrero.com\/en\/\",\"name\":\"Senn Ferrero\",\"description\":\"A personal service, a global company\",\"potentialAction\":[{\"@type\":\"SearchAction\",\"target\":{\"@type\":\"EntryPoint\",\"urlTemplate\":\"https:\/\/www.sennferrero.com\/en\/?s={search_term_string}\"},\"query-input\":{\"@type\":\"PropertyValueSpecification\",\"valueRequired\":true,\"valueName\":\"search_term_string\"}}],\"inLanguage\":\"en-US\"},{\"@type\":\"Person\",\"@id\":\"https:\/\/www.sennferrero.com\/en\/#\/schema\/person\/86c3d2e970dac903f40e96d4841a84b0\",\"name\":\"Juan Arano\",\"image\":{\"@type\":\"ImageObject\",\"inLanguage\":\"en-US\",\"@id\":\"https:\/\/www.sennferrero.com\/en\/#\/schema\/person\/image\/\",\"url\":\"https:\/\/secure.gravatar.com\/avatar\/4af81b670254b85380fc75d5ebda96b9a04eab6f516049bb7924967e64fd40c8?s=96&d=mm&r=g\",\"contentUrl\":\"https:\/\/secure.gravatar.com\/avatar\/4af81b670254b85380fc75d5ebda96b9a04eab6f516049bb7924967e64fd40c8?s=96&d=mm&r=g\",\"caption\":\"Juan Arano\"},\"url\":\"https:\/\/www.sennferrero.com\/en\/author\/juanarano\/\"}]}<\/script>\n<!-- \/ Yoast SEO plugin. -->","yoast_head_json":{"title":"El Calcio da un paso al frente - Senn Ferrero","robots":{"index":"index","follow":"follow","max-snippet":"max-snippet:-1","max-image-preview":"max-image-preview:large","max-video-preview":"max-video-preview:-1"},"canonical":"https:\/\/www.sennferrero.com\/en\/2020\/12\/12\/el-calcio-da-un-paso-al-frente\/","og_locale":"en_US","og_type":"article","og_title":"El Calcio da un paso al frente - Senn Ferrero","og_description":"Art\u00edculo publicado en la edici\u00f3n del 19 de julio de 2019 del diario econ\u00f3mico Expansi\u00f3n, en el que Eduardo Montejo analiza los cambios en la pol\u00edtica fiscal italiana con respecto a la tributaci\u00f3n de los deportistas.","og_url":"https:\/\/www.sennferrero.com\/en\/2020\/12\/12\/el-calcio-da-un-paso-al-frente\/","og_site_name":"Senn Ferrero","article_published_time":"2020-12-12T08:34:00+00:00","og_image":[{"width":901,"height":400,"url":"https:\/\/www.sennferrero.com\/wp-content\/uploads\/2021\/02\/edurardo_montejo.png","type":"image\/png"}],"author":"Juan Arano","twitter_card":"summary_large_image","twitter_misc":{"Written by":"Juan Arano","Est. reading time":"3 minutes"},"schema":{"@context":"https:\/\/schema.org","@graph":[{"@type":"WebPage","@id":"https:\/\/www.sennferrero.com\/en\/2020\/12\/12\/el-calcio-da-un-paso-al-frente\/","url":"https:\/\/www.sennferrero.com\/en\/2020\/12\/12\/el-calcio-da-un-paso-al-frente\/","name":"El Calcio da un paso al frente - Senn Ferrero","isPartOf":{"@id":"https:\/\/www.sennferrero.com\/en\/#website"},"primaryImageOfPage":{"@id":"https:\/\/www.sennferrero.com\/en\/2020\/12\/12\/el-calcio-da-un-paso-al-frente\/#primaryimage"},"image":{"@id":"https:\/\/www.sennferrero.com\/en\/2020\/12\/12\/el-calcio-da-un-paso-al-frente\/#primaryimage"},"thumbnailUrl":"https:\/\/www.sennferrero.com\/wp-content\/uploads\/2021\/02\/edurardo_montejo.png","datePublished":"2020-12-12T08:34:00+00:00","author":{"@id":"https:\/\/www.sennferrero.com\/en\/#\/schema\/person\/86c3d2e970dac903f40e96d4841a84b0"},"breadcrumb":{"@id":"https:\/\/www.sennferrero.com\/en\/2020\/12\/12\/el-calcio-da-un-paso-al-frente\/#breadcrumb"},"inLanguage":"en-US","potentialAction":[{"@type":"ReadAction","target":["https:\/\/www.sennferrero.com\/en\/2020\/12\/12\/el-calcio-da-un-paso-al-frente\/"]}]},{"@type":"ImageObject","inLanguage":"en-US","@id":"https:\/\/www.sennferrero.com\/en\/2020\/12\/12\/el-calcio-da-un-paso-al-frente\/#primaryimage","url":"https:\/\/www.sennferrero.com\/wp-content\/uploads\/2021\/02\/edurardo_montejo.png","contentUrl":"https:\/\/www.sennferrero.com\/wp-content\/uploads\/2021\/02\/edurardo_montejo.png","width":901,"height":400},{"@type":"BreadcrumbList","@id":"https:\/\/www.sennferrero.com\/en\/2020\/12\/12\/el-calcio-da-un-paso-al-frente\/#breadcrumb","itemListElement":[{"@type":"ListItem","position":1,"name":"Portada","item":"https:\/\/www.sennferrero.com\/en\/"},{"@type":"ListItem","position":2,"name":"El Calcio da un paso al frente"}]},{"@type":"WebSite","@id":"https:\/\/www.sennferrero.com\/en\/#website","url":"https:\/\/www.sennferrero.com\/en\/","name":"Senn Ferrero","description":"A personal service, a global company","potentialAction":[{"@type":"SearchAction","target":{"@type":"EntryPoint","urlTemplate":"https:\/\/www.sennferrero.com\/en\/?s={search_term_string}"},"query-input":{"@type":"PropertyValueSpecification","valueRequired":true,"valueName":"search_term_string"}}],"inLanguage":"en-US"},{"@type":"Person","@id":"https:\/\/www.sennferrero.com\/en\/#\/schema\/person\/86c3d2e970dac903f40e96d4841a84b0","name":"Juan Arano","image":{"@type":"ImageObject","inLanguage":"en-US","@id":"https:\/\/www.sennferrero.com\/en\/#\/schema\/person\/image\/","url":"https:\/\/secure.gravatar.com\/avatar\/4af81b670254b85380fc75d5ebda96b9a04eab6f516049bb7924967e64fd40c8?s=96&d=mm&r=g","contentUrl":"https:\/\/secure.gravatar.com\/avatar\/4af81b670254b85380fc75d5ebda96b9a04eab6f516049bb7924967e64fd40c8?s=96&d=mm&r=g","caption":"Juan Arano"},"url":"https:\/\/www.sennferrero.com\/en\/author\/juanarano\/"}]}},"_links":{"self":[{"href":"https:\/\/www.sennferrero.com\/en\/wp-json\/wp\/v2\/posts\/2855","targetHints":{"allow":["GET"]}}],"collection":[{"href":"https:\/\/www.sennferrero.com\/en\/wp-json\/wp\/v2\/posts"}],"about":[{"href":"https:\/\/www.sennferrero.com\/en\/wp-json\/wp\/v2\/types\/post"}],"author":[{"embeddable":true,"href":"https:\/\/www.sennferrero.com\/en\/wp-json\/wp\/v2\/users\/3"}],"replies":[{"embeddable":true,"href":"https:\/\/www.sennferrero.com\/en\/wp-json\/wp\/v2\/comments?post=2855"}],"version-history":[{"count":0,"href":"https:\/\/www.sennferrero.com\/en\/wp-json\/wp\/v2\/posts\/2855\/revisions"}],"wp:featuredmedia":[{"embeddable":true,"href":"https:\/\/www.sennferrero.com\/en\/wp-json\/wp\/v2\/media\/2853"}],"wp:attachment":[{"href":"https:\/\/www.sennferrero.com\/en\/wp-json\/wp\/v2\/media?parent=2855"}],"wp:term":[{"taxonomy":"category","embeddable":true,"href":"https:\/\/www.sennferrero.com\/en\/wp-json\/wp\/v2\/categories?post=2855"},{"taxonomy":"post_tag","embeddable":true,"href":"https:\/\/www.sennferrero.com\/en\/wp-json\/wp\/v2\/tags?post=2855"}],"curies":[{"name":"wp","href":"https:\/\/api.w.org\/{rel}","templated":true}]}}