{"id":2862,"date":"2020-12-10T08:38:00","date_gmt":"2020-12-10T08:38:00","guid":{"rendered":"https:\/\/sennferrero.com\/2021\/02\/03\/el-futbol-profesional-se-engancha-con-hacienda\/"},"modified":"2021-02-03T08:53:06","modified_gmt":"2021-02-03T08:53:06","slug":"el-futbol-profesional-se-engancha-con-hacienda","status":"publish","type":"post","link":"https:\/\/www.sennferrero.com\/en\/2020\/12\/10\/el-futbol-profesional-se-engancha-con-hacienda\/","title":{"rendered":"El f\u00fatbol profesional se engancha con Hacienda"},"content":{"rendered":"\n<p>Tributaci\u00f3n de los jugadores, derechos de imagen, comisiones de los agentes y traspasos centran la est\u00e9ril negociaci\u00f3n entre LaLiga y el Gobierno. Los expertos aportan sus recetas para la industria.<\/p>\n\n\n\n<p>Hacienda 4-LaLiga 0. Al f\u00fatbol profesional se le ha atragantado el partido que est\u00e1 jugando en el campo tributario, en el que se siente castigado y maltratado respecto a otras grandes competiciones europeas. Dicho de otro modo: a nivel fiscal, &#8220;estamos jugando con 10&#8221;, como denuncia la patronal futbol\u00edstica. Se refiere sobre todo a cuatro puntos de combate: la tributaci\u00f3n de los jugadores, derechos de imagen, comisiones de los agentes y derechos de traspaso.<\/p>\n\n\n\n<p>Un cuarteto protagonista de las est\u00e9riles conversaciones entre Hacienda y LaLiga, que entiende que se est\u00e1 facilitando la fuga de talentos a otras competiciones.<\/p>\n\n\n\n<h3 class=\"wp-block-heading\">Tributaci\u00f3n de jugadores<\/h3>\n\n\n\n<p>En Espa\u00f1a se ha excluido a los jugadores profesionales de la ley Beckham, de forma que la llegada de extranjeros ha dejado de ser incentivada fiscalmente con ese r\u00e9gimen de impatriados. &#8220;Es absurda la exclusi\u00f3n de deportistas profesionales&#8221;, avisa Salvador Ruiz Gallud, socio director de Equipo Econ\u00f3mico. &#8220;Es una decisi\u00f3n poco acertada que ignora los importantes beneficios para la imagen de nuestro pa\u00eds que ofrece la residencia en Espa\u00f1a de deportistas de \u00e9lite&#8221;. Para el experto, &#8220;es a\u00fan menos comprensible cuando a partir de 600.000 euros de ingresos anuales la tributaci\u00f3n aplicable a esos deportistas se realiza al 45% sobre el exceso&#8221;. Al tiempo, entiende que se olvida la relevancia de los impuestos que se pagan en Espa\u00f1a por otros numerosos conceptos y a diferentes administraciones. &#8220;Y parece que se desconoce la competencia de otros pa\u00edses, que est\u00e1n consiguiendo atraer profesionales de prestigio con un tratamiento especial&#8221;, concluye.<\/p>\n\n\n\n<p>Desde Senn Ferrero Asociados, Montejo ve &#8220;necesario incentivar fiscalmente la llegada de talento&#8221; por su impacto en la industria. Recuerda el avance en otros pa\u00edses, al igual que Cuatrecasas, donde Pecourt entiende que &#8220;deber\u00eda modificarse el redactado del actual r\u00e9gimen fiscal para que, nuevamente, los deportistas se pudieran acoger al mismo&#8221;.<\/p>\n\n\n\n<p>&#8220;Es un tema complejo y con muchas aristas&#8221;, como resume Javier Herv\u00e1s, socio responsable del \u00e1rea de deportes de KPMG Abogados. &#8220;Parte de la soluci\u00f3n puede encontrarse en distinguir correctamente entre el deporte profesional&nbsp;<em>stricto sensu&nbsp;<\/em>y el deporte que, aunque genere rentas para los deportistas, es dif\u00edcil considerar como profesional&#8221;, explica.<\/p>\n\n\n\n<h3 class=\"wp-block-heading\">Derechos de imagen<\/h3>\n\n\n\n<p>&#8220;Seguimos conviviendo con una norma que permite que el 15% de la retribuci\u00f3n total que percibe el jugador pueda ser canalizada en concepto de derechos de imagen y paralelamente una interpretaci\u00f3n administrativa que implica, en aplicaci\u00f3n de la valoraci\u00f3n de operaciones vinculadas, que en el caso de que la sociedad del jugador perciba ese 15%, inmediatamente despu\u00e9s deba ser remunerado al propio jugador&#8221;, recuerda Montejo. &#8220;Es necesario un marco jur\u00eddico seguro que aporte estabilidad jur\u00eddica y que el mercado lo conozca&#8221;, a\u00f1ade.<\/p>\n\n\n\n<p>Cuatrecasas se\u00f1ala esa misma incertidumbre. Para Pecourt, &#8220;la norma fiscal espa\u00f1ola prev\u00e9 expresamente la posibilidad de que el deportista pueda ceder a un tercero sus derechos de imagen cuando se cumplan una serie de requisitos, siendo l\u00edcito en tal caso que el club para el que presta sus servicios el deportista pague a este tercero por el uso de su imagen, con determinados l\u00edmites cuantitativos -conocida como norma 85\/15&#8221;-. &#8220;No obstante, la actuaci\u00f3n de la Inspecci\u00f3n est\u00e1 vaciando de contenido esta norma, bien por aplicaci\u00f3n de la regulaci\u00f3n de operaciones vinculadas o bien mediante la instituci\u00f3n de la simulaci\u00f3n fiscal, por lo que nos encontramos ante un escenario donde la seguridad jur\u00eddica brilla por su ausencia&#8221;.<\/p>\n\n\n\n<p>Por su parte, Ruiz Gallud apunta que el r\u00e9gimen especial del IRPF de imputaci\u00f3n de rentas por cesi\u00f3n de derechos de imagen se interpreta por la Administraci\u00f3n de manera sesgada, &#8220;y, adem\u00e1s, est\u00e1 desfasado&#8221;, en un contexto en el que la normativa tributaria ignora las circunstancias especiales de los deportistas, que se encuentran mal asesorados a la hora de planificar su situaci\u00f3n fiscal. &#8220;En cuanto al sesgo, habr\u00eda que evitar criterios administrativos asim\u00e9tricos, perjudiciales para el deportista, que llevan al IRPF del jugador todas las rentas de la sociedad titular de los derechos de imagen cuando la estructura de \u00e9sta es m\u00e1s fr\u00e1gil, y, sin embargo, no permiten aumentar por encima del 15% el porcentaje que queda en la sociedad cuando su estructura es m\u00e1s s\u00f3lida&#8221;, recuerda tambi\u00e9n el socio director de Equipo Econ\u00f3mico. &#8220;Adem\u00e1s, se tendr\u00eda que actualizar ese porcentaje m\u00e1ximo del 15% permitido como ingreso de las sociedades cesionarias de los derechos (por tanto, no como salario del deportista)&#8221;. Cuando se dise\u00f1\u00f3 el r\u00e9gimen especial, el peso econ\u00f3mico de la explotaci\u00f3n de la imagen &#8220;era muy inferior al que tiene en estos momentos&#8221;.<\/p>\n\n\n\n<h3 class=\"wp-block-heading\">Comisiones a agentes<\/h3>\n\n\n\n<p>En Espa\u00f1a, Tributos est\u00e1 interpretando que, en la mayor\u00eda de los casos, las comisiones de intermediaci\u00f3n que abona un equipo al agente del jugador sean tratadas como una retribuci\u00f3n a ese deportista. &#8220;Conviene que existan criterios de la Agencia Tributaria relativos al tratamiento fiscal de las comisiones de agencia abonadas por clubes y que clarifiquen qu\u00e9 ocurre cuando los agentes, en lugar de intervenir en nombre y cuenta del jugador, act\u00faen por cuenta del club&#8221;, apunta Eduardo Montejo, socio de Senn Ferrero Asociados.<\/p>\n\n\n\n<p>Para Jorge Pecourt, socio del equipo del deporte de Cuatrecasas, la interpretaci\u00f3n de la Agencia &#8220;es consistente con la normativa tributaria y no es m\u00e1s que la consecuencia de una pr\u00e1ctica abusiva -que s\u00f3lo favorec\u00eda a los clubes- que ten\u00eda por objeto rebajar el coste tributario de la contrataci\u00f3n de deportistas, simulando que los intermediarios prestaban servicios a los clubes y no a los deportistas&#8221;. No obstante, si equipos y jugadores pueden &#8220;demostrar que el servicio del intermediario ha sido en favor del club, dicha regularizaci\u00f3n no deber\u00eda operar&#8221;.<\/p>\n\n\n\n<h3 class=\"wp-block-heading\">Traspasos de jugadores<\/h3>\n\n\n\n<p>La Inspecci\u00f3n espa\u00f1ola est\u00e1 interpretando los convenios para evitar la doble imposici\u00f3n internacional, como sucede en los firmados con Argentina y Brasil, de forma que las operaciones deben tributar en Espa\u00f1a, &#8220;lo que no sucede en ninguna otra gran competici\u00f3n europea&#8221;, seg\u00fan LaLiga.<\/p>\n\n\n\n<p>&#8220;Dichos pa\u00edses argumentan que nos encontramos ante beneficios empresariales y, como tales, las rentas ocasionadas por la transferencia de jugadores deben tributar \u00edntegramente en sus pa\u00edses de residencia, esto es, Brasil o Argentina, y en ning\u00fan caso en Espa\u00f1a&#8221;, avisa Montejo.<\/p>\n\n\n\n<h3 class=\"wp-block-heading\">Necesidad de un tratamiento fiscal espec\u00edfico<\/h3>\n\n\n\n<p>En un marco global, gran parte de los expertos lleva tiempo apuntando que el deporte profesional necesita un tratamiento espec\u00edfico. &#8220;La supresi\u00f3n de los impatriados para deportistas profesionales, la pr\u00e1ctica inaplicaci\u00f3n de los derechos de imagen o la eliminaci\u00f3n del r\u00e9gimen de tributaci\u00f3n de los fondos de pensiones de los deportistas han conducido a una l\u00ednea clara: la normalizaci\u00f3n de la actividad y del tratamiento&#8221;, apunta Alberto Palomar, socio del \u00e1rea de derecho p\u00fablico de Broseta. &#8220;Se ha perdido la especialidad&#8221;, base de las &#8220;t\u00e9cnicas de fomento y de apoyo a la actividad econ\u00f3mica y a sus caracter\u00edsticas esenciales&#8221;. Avanzar hacia ese marco espec\u00edfico, como se\u00f1ala Javier Herv\u00e1s, socio responsable del \u00e1rea de deportes de KPMG Abogados, no es sencillo, sobre todo por la &#8220;polarizaci\u00f3n&#8221; de esta cuesti\u00f3n en el &#8220;f\u00fatbol profesional&#8221; o en deportes individuales de alto impacto medi\u00e1tico: motos, tenis o autom\u00f3vil. &#8220;Un tratamiento fiscal espec\u00edfico que se pudiera identificar como favorable a deportistas que obtienen un elevado nivel de rentas siempre ha sido rechazado por los diferentes gobiernos&#8221;, recuerda.<\/p>\n\n\n\n<h3 class=\"wp-block-heading\">Incentivos para empresas<\/h3>\n\n\n\n<p>Hay otros puntos de combate para el deporte profesional, como la necesidad de un sistema de incentivos fiscales para la inversi\u00f3n de terceras empresas en el mundo del deporte. Javier Herv\u00e1s, socio responsable del \u00e1rea de deportes de KPMG Abogados, apunta que esa &#8220;financiaci\u00f3n basada en la aportaci\u00f3n econ\u00f3mica de terceros, generalmente empresas, que se benefician fiscalmente de ello ha sido una f\u00f3rmula ampliamente desarrollada y muy usada por todos los pa\u00edses del entorno comunitario: la colaboraci\u00f3n p\u00fablico-privada en el desarrollo del deporte de base o de los deportes ol\u00edmpicos, o en el desarrollo de los deportes federados ha adquirido m\u00faltiples formas de expresi\u00f3n&#8221;. &#8220;En Espa\u00f1a tuvimos el programa ADO e incentivos fiscales espec\u00edficos ligados a eventos determinados. Probablemente en esta legislatura habr\u00eda que buscar sistemas m\u00e1s estables y, sobre todo, con una mayor seguridad jur\u00eddica para compa\u00f1\u00edas que, en un programa de colaboraci\u00f3n p\u00fablico-privada, desarrollen el deporte&#8221;, advierte Herv\u00e1s.<\/p>\n\n\n\n<p><a href=\"http:\/\/www.expansion.com\/juridico\/actualidad-tendencias\/2019\/06\/11\/5cffe497468aeb92308b4633.html\" target=\"_blank\" rel=\"noreferrer noopener\">Ver en Expansi\u00f3n<\/a><\/p>\n","protected":false},"excerpt":{"rendered":"<p>Art\u00edculo publicado en Expansi\u00f3n con el t\u00edtulo \u201cEl f\u00fatbol profesional se engancha con Hacienda\u201d en el que aparece Eduardo Montejo ofreciendo su punto de vista sobre dicho asunto.<\/p>\n","protected":false},"author":3,"featured_media":2853,"comment_status":"open","ping_status":"open","sticky":false,"template":"","format":"standard","meta":{"_acf_changed":false,"footnotes":""},"categories":[84],"tags":[105],"class_list":["post-2862","post","type-post","status-publish","format-standard","has-post-thumbnail","hentry","category-opinions","tag-eduardo-montejo-en"],"acf":[],"yoast_head":"<!-- This site is optimized with the Yoast SEO plugin v26.6 - https:\/\/yoast.com\/wordpress\/plugins\/seo\/ -->\n<title>El f\u00fatbol profesional se engancha con Hacienda - Senn Ferrero<\/title>\n<meta name=\"robots\" content=\"index, follow, max-snippet:-1, max-image-preview:large, max-video-preview:-1\" \/>\n<link rel=\"canonical\" href=\"https:\/\/www.sennferrero.com\/en\/2020\/12\/10\/el-futbol-profesional-se-engancha-con-hacienda\/\" \/>\n<meta property=\"og:locale\" content=\"en_US\" \/>\n<meta property=\"og:type\" content=\"article\" \/>\n<meta property=\"og:title\" content=\"El f\u00fatbol profesional se engancha con Hacienda - Senn Ferrero\" \/>\n<meta property=\"og:description\" content=\"Art\u00edculo publicado en Expansi\u00f3n con el t\u00edtulo \u201cEl f\u00fatbol profesional se engancha con Hacienda\u201d en el que aparece Eduardo Montejo ofreciendo su punto de vista sobre dicho asunto.\" \/>\n<meta property=\"og:url\" content=\"https:\/\/www.sennferrero.com\/en\/2020\/12\/10\/el-futbol-profesional-se-engancha-con-hacienda\/\" \/>\n<meta property=\"og:site_name\" content=\"Senn Ferrero\" \/>\n<meta property=\"article:published_time\" content=\"2020-12-10T08:38:00+00:00\" \/>\n<meta property=\"article:modified_time\" content=\"2021-02-03T08:53:06+00:00\" \/>\n<meta property=\"og:image\" content=\"https:\/\/www.sennferrero.com\/wp-content\/uploads\/2021\/02\/edurardo_montejo.png\" \/>\n\t<meta property=\"og:image:width\" content=\"901\" \/>\n\t<meta property=\"og:image:height\" content=\"400\" \/>\n\t<meta property=\"og:image:type\" content=\"image\/png\" \/>\n<meta name=\"author\" content=\"Juan Arano\" \/>\n<meta name=\"twitter:card\" content=\"summary_large_image\" \/>\n<meta name=\"twitter:label1\" content=\"Written by\" \/>\n\t<meta name=\"twitter:data1\" content=\"Juan Arano\" \/>\n\t<meta name=\"twitter:label2\" content=\"Est. reading time\" \/>\n\t<meta name=\"twitter:data2\" content=\"6 minutes\" \/>\n<script type=\"application\/ld+json\" class=\"yoast-schema-graph\">{\"@context\":\"https:\/\/schema.org\",\"@graph\":[{\"@type\":\"WebPage\",\"@id\":\"https:\/\/www.sennferrero.com\/en\/2020\/12\/10\/el-futbol-profesional-se-engancha-con-hacienda\/\",\"url\":\"https:\/\/www.sennferrero.com\/en\/2020\/12\/10\/el-futbol-profesional-se-engancha-con-hacienda\/\",\"name\":\"El f\u00fatbol profesional se engancha con Hacienda - Senn Ferrero\",\"isPartOf\":{\"@id\":\"https:\/\/www.sennferrero.com\/en\/#website\"},\"primaryImageOfPage\":{\"@id\":\"https:\/\/www.sennferrero.com\/en\/2020\/12\/10\/el-futbol-profesional-se-engancha-con-hacienda\/#primaryimage\"},\"image\":{\"@id\":\"https:\/\/www.sennferrero.com\/en\/2020\/12\/10\/el-futbol-profesional-se-engancha-con-hacienda\/#primaryimage\"},\"thumbnailUrl\":\"https:\/\/www.sennferrero.com\/wp-content\/uploads\/2021\/02\/edurardo_montejo.png\",\"datePublished\":\"2020-12-10T08:38:00+00:00\",\"dateModified\":\"2021-02-03T08:53:06+00:00\",\"author\":{\"@id\":\"https:\/\/www.sennferrero.com\/en\/#\/schema\/person\/86c3d2e970dac903f40e96d4841a84b0\"},\"breadcrumb\":{\"@id\":\"https:\/\/www.sennferrero.com\/en\/2020\/12\/10\/el-futbol-profesional-se-engancha-con-hacienda\/#breadcrumb\"},\"inLanguage\":\"en-US\",\"potentialAction\":[{\"@type\":\"ReadAction\",\"target\":[\"https:\/\/www.sennferrero.com\/en\/2020\/12\/10\/el-futbol-profesional-se-engancha-con-hacienda\/\"]}]},{\"@type\":\"ImageObject\",\"inLanguage\":\"en-US\",\"@id\":\"https:\/\/www.sennferrero.com\/en\/2020\/12\/10\/el-futbol-profesional-se-engancha-con-hacienda\/#primaryimage\",\"url\":\"https:\/\/www.sennferrero.com\/wp-content\/uploads\/2021\/02\/edurardo_montejo.png\",\"contentUrl\":\"https:\/\/www.sennferrero.com\/wp-content\/uploads\/2021\/02\/edurardo_montejo.png\",\"width\":901,\"height\":400},{\"@type\":\"BreadcrumbList\",\"@id\":\"https:\/\/www.sennferrero.com\/en\/2020\/12\/10\/el-futbol-profesional-se-engancha-con-hacienda\/#breadcrumb\",\"itemListElement\":[{\"@type\":\"ListItem\",\"position\":1,\"name\":\"Portada\",\"item\":\"https:\/\/www.sennferrero.com\/en\/\"},{\"@type\":\"ListItem\",\"position\":2,\"name\":\"El f\u00fatbol profesional se engancha con Hacienda\"}]},{\"@type\":\"WebSite\",\"@id\":\"https:\/\/www.sennferrero.com\/en\/#website\",\"url\":\"https:\/\/www.sennferrero.com\/en\/\",\"name\":\"Senn Ferrero\",\"description\":\"A personal service, a global company\",\"potentialAction\":[{\"@type\":\"SearchAction\",\"target\":{\"@type\":\"EntryPoint\",\"urlTemplate\":\"https:\/\/www.sennferrero.com\/en\/?s={search_term_string}\"},\"query-input\":{\"@type\":\"PropertyValueSpecification\",\"valueRequired\":true,\"valueName\":\"search_term_string\"}}],\"inLanguage\":\"en-US\"},{\"@type\":\"Person\",\"@id\":\"https:\/\/www.sennferrero.com\/en\/#\/schema\/person\/86c3d2e970dac903f40e96d4841a84b0\",\"name\":\"Juan Arano\",\"image\":{\"@type\":\"ImageObject\",\"inLanguage\":\"en-US\",\"@id\":\"https:\/\/www.sennferrero.com\/en\/#\/schema\/person\/image\/\",\"url\":\"https:\/\/secure.gravatar.com\/avatar\/4af81b670254b85380fc75d5ebda96b9a04eab6f516049bb7924967e64fd40c8?s=96&d=mm&r=g\",\"contentUrl\":\"https:\/\/secure.gravatar.com\/avatar\/4af81b670254b85380fc75d5ebda96b9a04eab6f516049bb7924967e64fd40c8?s=96&d=mm&r=g\",\"caption\":\"Juan Arano\"},\"url\":\"https:\/\/www.sennferrero.com\/en\/author\/juanarano\/\"}]}<\/script>\n<!-- \/ Yoast SEO plugin. -->","yoast_head_json":{"title":"El f\u00fatbol profesional se engancha con Hacienda - Senn Ferrero","robots":{"index":"index","follow":"follow","max-snippet":"max-snippet:-1","max-image-preview":"max-image-preview:large","max-video-preview":"max-video-preview:-1"},"canonical":"https:\/\/www.sennferrero.com\/en\/2020\/12\/10\/el-futbol-profesional-se-engancha-con-hacienda\/","og_locale":"en_US","og_type":"article","og_title":"El f\u00fatbol profesional se engancha con Hacienda - Senn Ferrero","og_description":"Art\u00edculo publicado en Expansi\u00f3n con el t\u00edtulo \u201cEl f\u00fatbol profesional se engancha con Hacienda\u201d en el que aparece Eduardo Montejo ofreciendo su punto de vista sobre dicho asunto.","og_url":"https:\/\/www.sennferrero.com\/en\/2020\/12\/10\/el-futbol-profesional-se-engancha-con-hacienda\/","og_site_name":"Senn Ferrero","article_published_time":"2020-12-10T08:38:00+00:00","article_modified_time":"2021-02-03T08:53:06+00:00","og_image":[{"width":901,"height":400,"url":"https:\/\/www.sennferrero.com\/wp-content\/uploads\/2021\/02\/edurardo_montejo.png","type":"image\/png"}],"author":"Juan Arano","twitter_card":"summary_large_image","twitter_misc":{"Written by":"Juan Arano","Est. reading time":"6 minutes"},"schema":{"@context":"https:\/\/schema.org","@graph":[{"@type":"WebPage","@id":"https:\/\/www.sennferrero.com\/en\/2020\/12\/10\/el-futbol-profesional-se-engancha-con-hacienda\/","url":"https:\/\/www.sennferrero.com\/en\/2020\/12\/10\/el-futbol-profesional-se-engancha-con-hacienda\/","name":"El f\u00fatbol profesional se engancha con Hacienda - Senn Ferrero","isPartOf":{"@id":"https:\/\/www.sennferrero.com\/en\/#website"},"primaryImageOfPage":{"@id":"https:\/\/www.sennferrero.com\/en\/2020\/12\/10\/el-futbol-profesional-se-engancha-con-hacienda\/#primaryimage"},"image":{"@id":"https:\/\/www.sennferrero.com\/en\/2020\/12\/10\/el-futbol-profesional-se-engancha-con-hacienda\/#primaryimage"},"thumbnailUrl":"https:\/\/www.sennferrero.com\/wp-content\/uploads\/2021\/02\/edurardo_montejo.png","datePublished":"2020-12-10T08:38:00+00:00","dateModified":"2021-02-03T08:53:06+00:00","author":{"@id":"https:\/\/www.sennferrero.com\/en\/#\/schema\/person\/86c3d2e970dac903f40e96d4841a84b0"},"breadcrumb":{"@id":"https:\/\/www.sennferrero.com\/en\/2020\/12\/10\/el-futbol-profesional-se-engancha-con-hacienda\/#breadcrumb"},"inLanguage":"en-US","potentialAction":[{"@type":"ReadAction","target":["https:\/\/www.sennferrero.com\/en\/2020\/12\/10\/el-futbol-profesional-se-engancha-con-hacienda\/"]}]},{"@type":"ImageObject","inLanguage":"en-US","@id":"https:\/\/www.sennferrero.com\/en\/2020\/12\/10\/el-futbol-profesional-se-engancha-con-hacienda\/#primaryimage","url":"https:\/\/www.sennferrero.com\/wp-content\/uploads\/2021\/02\/edurardo_montejo.png","contentUrl":"https:\/\/www.sennferrero.com\/wp-content\/uploads\/2021\/02\/edurardo_montejo.png","width":901,"height":400},{"@type":"BreadcrumbList","@id":"https:\/\/www.sennferrero.com\/en\/2020\/12\/10\/el-futbol-profesional-se-engancha-con-hacienda\/#breadcrumb","itemListElement":[{"@type":"ListItem","position":1,"name":"Portada","item":"https:\/\/www.sennferrero.com\/en\/"},{"@type":"ListItem","position":2,"name":"El f\u00fatbol profesional se engancha con Hacienda"}]},{"@type":"WebSite","@id":"https:\/\/www.sennferrero.com\/en\/#website","url":"https:\/\/www.sennferrero.com\/en\/","name":"Senn Ferrero","description":"A personal service, a global company","potentialAction":[{"@type":"SearchAction","target":{"@type":"EntryPoint","urlTemplate":"https:\/\/www.sennferrero.com\/en\/?s={search_term_string}"},"query-input":{"@type":"PropertyValueSpecification","valueRequired":true,"valueName":"search_term_string"}}],"inLanguage":"en-US"},{"@type":"Person","@id":"https:\/\/www.sennferrero.com\/en\/#\/schema\/person\/86c3d2e970dac903f40e96d4841a84b0","name":"Juan Arano","image":{"@type":"ImageObject","inLanguage":"en-US","@id":"https:\/\/www.sennferrero.com\/en\/#\/schema\/person\/image\/","url":"https:\/\/secure.gravatar.com\/avatar\/4af81b670254b85380fc75d5ebda96b9a04eab6f516049bb7924967e64fd40c8?s=96&d=mm&r=g","contentUrl":"https:\/\/secure.gravatar.com\/avatar\/4af81b670254b85380fc75d5ebda96b9a04eab6f516049bb7924967e64fd40c8?s=96&d=mm&r=g","caption":"Juan Arano"},"url":"https:\/\/www.sennferrero.com\/en\/author\/juanarano\/"}]}},"_links":{"self":[{"href":"https:\/\/www.sennferrero.com\/en\/wp-json\/wp\/v2\/posts\/2862","targetHints":{"allow":["GET"]}}],"collection":[{"href":"https:\/\/www.sennferrero.com\/en\/wp-json\/wp\/v2\/posts"}],"about":[{"href":"https:\/\/www.sennferrero.com\/en\/wp-json\/wp\/v2\/types\/post"}],"author":[{"embeddable":true,"href":"https:\/\/www.sennferrero.com\/en\/wp-json\/wp\/v2\/users\/3"}],"replies":[{"embeddable":true,"href":"https:\/\/www.sennferrero.com\/en\/wp-json\/wp\/v2\/comments?post=2862"}],"version-history":[{"count":1,"href":"https:\/\/www.sennferrero.com\/en\/wp-json\/wp\/v2\/posts\/2862\/revisions"}],"predecessor-version":[{"id":2863,"href":"https:\/\/www.sennferrero.com\/en\/wp-json\/wp\/v2\/posts\/2862\/revisions\/2863"}],"wp:featuredmedia":[{"embeddable":true,"href":"https:\/\/www.sennferrero.com\/en\/wp-json\/wp\/v2\/media\/2853"}],"wp:attachment":[{"href":"https:\/\/www.sennferrero.com\/en\/wp-json\/wp\/v2\/media?parent=2862"}],"wp:term":[{"taxonomy":"category","embeddable":true,"href":"https:\/\/www.sennferrero.com\/en\/wp-json\/wp\/v2\/categories?post=2862"},{"taxonomy":"post_tag","embeddable":true,"href":"https:\/\/www.sennferrero.com\/en\/wp-json\/wp\/v2\/tags?post=2862"}],"curies":[{"name":"wp","href":"https:\/\/api.w.org\/{rel}","templated":true}]}}