{"id":3023,"date":"2020-11-15T10:25:00","date_gmt":"2020-11-15T10:25:00","guid":{"rendered":"https:\/\/sennferrero.com\/2020\/11\/15\/la-maternidad-en-el-futbol-femenino\/"},"modified":"2020-11-15T10:25:00","modified_gmt":"2020-11-15T10:25:00","slug":"la-maternidad-en-el-futbol-femenino","status":"publish","type":"post","link":"https:\/\/www.sennferrero.com\/en\/2020\/11\/15\/la-maternidad-en-el-futbol-femenino\/","title":{"rendered":"La maternidad en el f\u00fatbol femenino"},"content":{"rendered":"\n<p>Si hoy mismo nos preguntaran por las principales figuras futbol\u00edsticas de nuestra preciada liga espa\u00f1ola (Liga Santander), f\u00e1cilmente todos citar\u00edamos a los Ronaldo, Messi, Griezmann, Isco, Modric, Benzema o Iniesta. Pero, \u00bfy si nos preguntaran por las principales figuras futbol\u00edsticas de nuestra tambi\u00e9n preciada liga espa\u00f1ola femenina (Liga Iberdrola)? Creo que, desgraciadamente, en muchos casos la respuesta ser\u00eda un total desconocimiento. Quiz\u00e1s a muchos no le suenen, pero estas son algunas de nuestras aut\u00e9nticas estrellas de hoy en d\u00eda: Amanda Sampedro, Lola Gallardo y Sonia Berm\u00fadez (Atl\u00e9tico de Madrid); Alexia Putellas, Lieke Martens, Sandra Pa\u00f1os y Mapi Le\u00f3n (F.C. Barcelona); Charlyn (Levante U.D.), Ivana Andr\u00e9s (Valencia)\u2026<\/p>\n\n\n\n<p>Es verdad que puede que un partido de f\u00fatbol femenino, no tenga la misma repercusi\u00f3n medi\u00e1tica que un partido masculino, pero lo que es seguro, es que los que juegan en ambos partidos tienen los mismos derechos fundamentales. \u00bfO no?<\/p>\n\n\n\n<p>Nuestra&nbsp;<strong>Constituci\u00f3n Espa\u00f1ola<\/strong>, en su art\u00edculo 14, recoge:&nbsp;<em>\u201cLos espa\u00f1oles son iguales ante la ley, sin que pueda prevalecer discriminaci\u00f3n alguna por raz\u00f3n de nacimiento, raza, sexo, religi\u00f3n, opini\u00f3n o cualquier otra condici\u00f3n o circunstancia personal o social.\u201d<\/em><\/p>\n\n\n\n<p>Pero, para empezar, las leyes no son, ni pueden ser, las mismas para los deportistas profesionales.<\/p>\n\n\n\n<p>Todos aplaudimos que las normas se adapten a la espec\u00edfica del deporte como el&nbsp;<strong>RD 1006\/1985, de 26 de junio<\/strong>, que regula la relaci\u00f3n laboral especial de deportistas profesionales, o, el&nbsp;<strong>RD 287\/2003, de 7 de marzo<\/strong>, por el que se integra en el R\u00e9gimen General de la Seguridad Social a los deportistas profesionales, o el&nbsp;<strong>Convenio Especial para deportistas de alto nivel<\/strong>, entre otras muchas.<\/p>\n\n\n\n<p>Ahora bien, no siempre las normas especiales regulan las situaciones l\u00edmite, como pudieran ser los casos de maternidad, paternidad, adopci\u00f3n, riesgo durante el embarazo o el riesgo durante la lactancia natural, entre otras, remiti\u00e9ndonos a la normativa de general aplicaci\u00f3n.<\/p>\n\n\n\n<p>Llegados a este punto, en la aplicaci\u00f3n de estos derechos a los deportistas profesionales no s\u00f3lo se coartan los derechos, sino tambi\u00e9n su carrera profesional, especialmente si se es mujer.<\/p>\n\n\n\n<p>Pongamos un ejemplo: Si un futbolista var\u00f3n tuviese un hijo, podr\u00eda perfectamente pedirse un permiso de paternidad, ya que el Congreso de los Diputados aprob\u00f3 en diciembre de 2016, el aumento del permiso por paternidad de dos (2) a cuatro (4) semanas no obligatorias, siendo la medida efectiva desde el 1 de enero de 2017.<\/p>\n\n\n\n<p>En la actualidad, las madres en nuestro pa\u00eds tienen derecho a un permiso de diecis\u00e9is (16) semanas ininterrumpidas, conforme lo dispuesto en el art\u00edculo 177 y siguientes de la&nbsp;<strong>Ley General de la Seguridad Social (RDL 8\/2015, 30 de octubre)<\/strong>, con remisi\u00f3n a lo previsto en el art\u00edculo 48.4 del&nbsp;<strong>Estatuto de los Trabajadores<\/strong>.<\/p>\n\n\n\n<p>En definitiva, el r\u00e9gimen de los futbolistas en cuanto a este tipo de permisos, se rige por el&nbsp;<strong>Estatuto de los Trabajadores<\/strong>&nbsp;ante la ausencia de una regulaci\u00f3n especial al respecto. Eso significa que, los jugadores que acaban de tener un hijo, est\u00e1n amparados por ley para ausentarse del trabajo sin perder remuneraci\u00f3n. Pero, \u00bftodos los jugadores?<\/p>\n\n\n\n<p>Centr\u00e1ndonos en nuestro caso, la respuesta ser\u00eda un no rotundo, ya que esta circunstancia es hoy en d\u00eda impensable dentro del deporte femenino.<\/p>\n\n\n\n<p>De muchos es sabido que, desgraciadamente, las cl\u00e1usulas anti embarazo est\u00e1n muy presentes en nuestro f\u00fatbol. Dichas cl\u00e1usulas provocan de facto la resoluci\u00f3n unilateral del contrato, equipar\u00e1ndolo incluso a positivos por dopaje, pr\u00e1cticas deportivas de riesgo o malas conductas. Adem\u00e1s, muchas de estas cl\u00e1usulas niegan la indemnizaci\u00f3n a las jugadoras por rescisi\u00f3n de contrato. Esta situaci\u00f3n hace que muchas de nuestras protagonistas tengan que firmar contratos con la obligatoriedad de la ya citada cl\u00e1usula, a pesar de su indiscutible calificaci\u00f3n de abusiva, inconstitucional y desproporcionada.<\/p>\n\n\n\n<p>De todas formas, no todo son sombras. El pasado 15 de enero el Ajax de \u00c1msterdam renov\u00f3 el contrato a su jugadora&nbsp;<strong>Chantal de Ridder<\/strong>. Dicha ampliaci\u00f3n contractual sorprendi\u00f3 de grata manera en el mundo futbol\u00edstico, ya que es de extra\u00f1ar que un club de tantas facilidades a una futbolista en estado de gestaci\u00f3n.<\/p>\n\n\n\n<div class=\"wp-block-image\"><figure class=\"aligncenter size-large\"><img loading=\"lazy\" decoding=\"async\" width=\"481\" height=\"253\" src=\"https:\/\/sennferrero.com\/wp-content\/uploads\/2021\/02\/480.jpeg\" alt=\"\" class=\"wp-image-3021\" srcset=\"https:\/\/www.sennferrero.com\/wp-content\/uploads\/2021\/02\/480.jpeg 481w, https:\/\/www.sennferrero.com\/wp-content\/uploads\/2021\/02\/480-300x158.jpeg 300w\" sizes=\"auto, (max-width: 481px) 100vw, 481px\" \/><figcaption>[1]<\/figcaption><\/figure><\/div>\n\n\n\n<p>Ojal\u00e1 las cosas est\u00e9n cambiando, pero la cruda realidad es que los clubes con escasos presupuestos no pueden afrontar situaciones generadas por la maternidad, ni tampoco las federaciones prev\u00e9n el estado de gestaci\u00f3n para la sustituci\u00f3n de las fichas federativas.<\/p>\n\n\n\n<p>Lo cierto es que con la aplicaci\u00f3n de las leyes, el&nbsp;<strong>Real Decreto 1006\/1985<\/strong>, define a los \u201c<em>deportistas profesionales quienes, en virtud de una relaci\u00f3n establecida con car\u00e1cter regular, se dediquen voluntariamente a la pr\u00e1ctica del deporte por cuenta y dentro del \u00e1mbito de organizaci\u00f3n y direcci\u00f3n de un club o entidad deportiva a cambio de una retribuci\u00f3n<\/em>\u201d por lo que, en virtud de la acci\u00f3n protectora dispensada a los deportistas por art\u00edculo 4 del&nbsp;<strong>Real Decreto 287\/2003, de 27 de marzo<\/strong>, exige la inclusi\u00f3n \u201c<em>en el R\u00e9gimen General de la Seguridad Social los deportistas profesionales comprendidos en el \u00e1mbito de aplicaci\u00f3n del Real Decreto 1006\/1985, de 26 de junio, por el que se regula la Relaci\u00f3n Laboral de Car\u00e1cter Especial de los Deportistas Profesionales, y que no hayan sido con anterioridad incorporados de manera expresa en el citado r\u00e9gimen general<\/em>.\u201d<\/p>\n\n\n\n<p>En resumen, no todos somos iguales ante la ley, siendo tan solo aquello que es \u201cprofesional\u201d la condici\u00f3n indispensable que te permita acogerte a la ya citada cobertura dentro de la Seguridad Social, dejando a los deportistas amateur sin la posibilidad de poder beneficiarse de dicha ventaja.<\/p>\n\n\n\n<hr class=\"wp-block-separator\"\/>\n\n\n\n<p><a href=\"http:\/\/sennferrero_old.pro\/es\/opinion\/480-la-maternidad-en-el-futbol-femenino#_notaref1\"><sup>1<\/sup><\/a>\u00a0Fuente:\u00a0<a href=\"http:\/\/english.ajax.nl\/streams\/ajax-now.htm\">http:\/\/english.ajax.nl\/streams\/ajax-now.htm<\/a><\/p>\n","protected":false},"excerpt":{"rendered":"<p>Si hoy mismo nos preguntaran por las principales figuras futbol\u00edsticas de nuestra preciada liga espa\u00f1ola (Liga Santander), f\u00e1cilmente todos citar\u00edamos a los Ronaldo, Messi, Griezmann, Isco, Modric, Benzema o Iniesta. Pero, \u00bfy si nos preguntaran por las principales figuras futbol\u00edsticas de nuestra tambi\u00e9n preciada liga espa\u00f1ola femenina (Liga Iberdrola)?<\/p>\n","protected":false},"author":3,"featured_media":2766,"comment_status":"open","ping_status":"open","sticky":false,"template":"","format":"standard","meta":{"_acf_changed":false,"footnotes":""},"categories":[84],"tags":[122],"class_list":["post-3023","post","type-post","status-publish","format-standard","has-post-thumbnail","hentry","category-opinions","tag-alvaro-garcia-en"],"acf":[],"yoast_head":"<!-- This site is optimized with the Yoast SEO plugin v26.6 - https:\/\/yoast.com\/wordpress\/plugins\/seo\/ -->\n<title>La maternidad en el f\u00fatbol femenino - Senn Ferrero<\/title>\n<meta name=\"robots\" content=\"index, follow, max-snippet:-1, max-image-preview:large, max-video-preview:-1\" \/>\n<link rel=\"canonical\" href=\"https:\/\/www.sennferrero.com\/en\/2020\/11\/15\/la-maternidad-en-el-futbol-femenino\/\" \/>\n<meta property=\"og:locale\" content=\"en_US\" \/>\n<meta property=\"og:type\" content=\"article\" \/>\n<meta property=\"og:title\" content=\"La maternidad en el f\u00fatbol femenino - Senn Ferrero\" \/>\n<meta property=\"og:description\" content=\"Si hoy mismo nos preguntaran por las principales figuras futbol\u00edsticas de nuestra preciada liga espa\u00f1ola (Liga Santander), f\u00e1cilmente todos citar\u00edamos a los Ronaldo, Messi, Griezmann, Isco, Modric, Benzema o Iniesta. Pero, \u00bfy si nos preguntaran por las principales figuras futbol\u00edsticas de nuestra tambi\u00e9n preciada liga espa\u00f1ola femenina (Liga Iberdrola)?\" \/>\n<meta property=\"og:url\" content=\"https:\/\/www.sennferrero.com\/en\/2020\/11\/15\/la-maternidad-en-el-futbol-femenino\/\" \/>\n<meta property=\"og:site_name\" content=\"Senn Ferrero\" \/>\n<meta property=\"article:published_time\" content=\"2020-11-15T10:25:00+00:00\" \/>\n<meta property=\"og:image\" content=\"https:\/\/www.sennferrero.com\/wp-content\/uploads\/2021\/02\/alvaro_garcia.png\" \/>\n\t<meta property=\"og:image:width\" content=\"900\" \/>\n\t<meta property=\"og:image:height\" content=\"401\" \/>\n\t<meta property=\"og:image:type\" content=\"image\/png\" \/>\n<meta name=\"author\" content=\"Juan Arano\" \/>\n<meta name=\"twitter:card\" content=\"summary_large_image\" \/>\n<meta name=\"twitter:label1\" content=\"Written by\" \/>\n\t<meta name=\"twitter:data1\" content=\"Juan Arano\" \/>\n\t<meta name=\"twitter:label2\" content=\"Est. reading time\" \/>\n\t<meta name=\"twitter:data2\" content=\"5 minutes\" \/>\n<script type=\"application\/ld+json\" class=\"yoast-schema-graph\">{\"@context\":\"https:\/\/schema.org\",\"@graph\":[{\"@type\":\"WebPage\",\"@id\":\"https:\/\/www.sennferrero.com\/en\/2020\/11\/15\/la-maternidad-en-el-futbol-femenino\/\",\"url\":\"https:\/\/www.sennferrero.com\/en\/2020\/11\/15\/la-maternidad-en-el-futbol-femenino\/\",\"name\":\"La maternidad en el f\u00fatbol femenino - Senn Ferrero\",\"isPartOf\":{\"@id\":\"https:\/\/www.sennferrero.com\/en\/#website\"},\"primaryImageOfPage\":{\"@id\":\"https:\/\/www.sennferrero.com\/en\/2020\/11\/15\/la-maternidad-en-el-futbol-femenino\/#primaryimage\"},\"image\":{\"@id\":\"https:\/\/www.sennferrero.com\/en\/2020\/11\/15\/la-maternidad-en-el-futbol-femenino\/#primaryimage\"},\"thumbnailUrl\":\"https:\/\/www.sennferrero.com\/wp-content\/uploads\/2021\/02\/alvaro_garcia.png\",\"datePublished\":\"2020-11-15T10:25:00+00:00\",\"author\":{\"@id\":\"https:\/\/www.sennferrero.com\/en\/#\/schema\/person\/86c3d2e970dac903f40e96d4841a84b0\"},\"breadcrumb\":{\"@id\":\"https:\/\/www.sennferrero.com\/en\/2020\/11\/15\/la-maternidad-en-el-futbol-femenino\/#breadcrumb\"},\"inLanguage\":\"en-US\",\"potentialAction\":[{\"@type\":\"ReadAction\",\"target\":[\"https:\/\/www.sennferrero.com\/en\/2020\/11\/15\/la-maternidad-en-el-futbol-femenino\/\"]}]},{\"@type\":\"ImageObject\",\"inLanguage\":\"en-US\",\"@id\":\"https:\/\/www.sennferrero.com\/en\/2020\/11\/15\/la-maternidad-en-el-futbol-femenino\/#primaryimage\",\"url\":\"https:\/\/www.sennferrero.com\/wp-content\/uploads\/2021\/02\/alvaro_garcia.png\",\"contentUrl\":\"https:\/\/www.sennferrero.com\/wp-content\/uploads\/2021\/02\/alvaro_garcia.png\",\"width\":900,\"height\":401},{\"@type\":\"BreadcrumbList\",\"@id\":\"https:\/\/www.sennferrero.com\/en\/2020\/11\/15\/la-maternidad-en-el-futbol-femenino\/#breadcrumb\",\"itemListElement\":[{\"@type\":\"ListItem\",\"position\":1,\"name\":\"Portada\",\"item\":\"https:\/\/www.sennferrero.com\/en\/\"},{\"@type\":\"ListItem\",\"position\":2,\"name\":\"La maternidad en el f\u00fatbol femenino\"}]},{\"@type\":\"WebSite\",\"@id\":\"https:\/\/www.sennferrero.com\/en\/#website\",\"url\":\"https:\/\/www.sennferrero.com\/en\/\",\"name\":\"Senn Ferrero\",\"description\":\"A personal service, a global company\",\"potentialAction\":[{\"@type\":\"SearchAction\",\"target\":{\"@type\":\"EntryPoint\",\"urlTemplate\":\"https:\/\/www.sennferrero.com\/en\/?s={search_term_string}\"},\"query-input\":{\"@type\":\"PropertyValueSpecification\",\"valueRequired\":true,\"valueName\":\"search_term_string\"}}],\"inLanguage\":\"en-US\"},{\"@type\":\"Person\",\"@id\":\"https:\/\/www.sennferrero.com\/en\/#\/schema\/person\/86c3d2e970dac903f40e96d4841a84b0\",\"name\":\"Juan Arano\",\"image\":{\"@type\":\"ImageObject\",\"inLanguage\":\"en-US\",\"@id\":\"https:\/\/www.sennferrero.com\/en\/#\/schema\/person\/image\/\",\"url\":\"https:\/\/secure.gravatar.com\/avatar\/4af81b670254b85380fc75d5ebda96b9a04eab6f516049bb7924967e64fd40c8?s=96&d=mm&r=g\",\"contentUrl\":\"https:\/\/secure.gravatar.com\/avatar\/4af81b670254b85380fc75d5ebda96b9a04eab6f516049bb7924967e64fd40c8?s=96&d=mm&r=g\",\"caption\":\"Juan Arano\"},\"url\":\"https:\/\/www.sennferrero.com\/en\/author\/juanarano\/\"}]}<\/script>\n<!-- \/ Yoast SEO plugin. -->","yoast_head_json":{"title":"La maternidad en el f\u00fatbol femenino - Senn Ferrero","robots":{"index":"index","follow":"follow","max-snippet":"max-snippet:-1","max-image-preview":"max-image-preview:large","max-video-preview":"max-video-preview:-1"},"canonical":"https:\/\/www.sennferrero.com\/en\/2020\/11\/15\/la-maternidad-en-el-futbol-femenino\/","og_locale":"en_US","og_type":"article","og_title":"La maternidad en el f\u00fatbol femenino - Senn Ferrero","og_description":"Si hoy mismo nos preguntaran por las principales figuras futbol\u00edsticas de nuestra preciada liga espa\u00f1ola (Liga Santander), f\u00e1cilmente todos citar\u00edamos a los Ronaldo, Messi, Griezmann, Isco, Modric, Benzema o Iniesta. Pero, \u00bfy si nos preguntaran por las principales figuras futbol\u00edsticas de nuestra tambi\u00e9n preciada liga espa\u00f1ola femenina (Liga Iberdrola)?","og_url":"https:\/\/www.sennferrero.com\/en\/2020\/11\/15\/la-maternidad-en-el-futbol-femenino\/","og_site_name":"Senn Ferrero","article_published_time":"2020-11-15T10:25:00+00:00","og_image":[{"width":900,"height":401,"url":"https:\/\/www.sennferrero.com\/wp-content\/uploads\/2021\/02\/alvaro_garcia.png","type":"image\/png"}],"author":"Juan Arano","twitter_card":"summary_large_image","twitter_misc":{"Written by":"Juan Arano","Est. reading time":"5 minutes"},"schema":{"@context":"https:\/\/schema.org","@graph":[{"@type":"WebPage","@id":"https:\/\/www.sennferrero.com\/en\/2020\/11\/15\/la-maternidad-en-el-futbol-femenino\/","url":"https:\/\/www.sennferrero.com\/en\/2020\/11\/15\/la-maternidad-en-el-futbol-femenino\/","name":"La maternidad en el f\u00fatbol femenino - Senn Ferrero","isPartOf":{"@id":"https:\/\/www.sennferrero.com\/en\/#website"},"primaryImageOfPage":{"@id":"https:\/\/www.sennferrero.com\/en\/2020\/11\/15\/la-maternidad-en-el-futbol-femenino\/#primaryimage"},"image":{"@id":"https:\/\/www.sennferrero.com\/en\/2020\/11\/15\/la-maternidad-en-el-futbol-femenino\/#primaryimage"},"thumbnailUrl":"https:\/\/www.sennferrero.com\/wp-content\/uploads\/2021\/02\/alvaro_garcia.png","datePublished":"2020-11-15T10:25:00+00:00","author":{"@id":"https:\/\/www.sennferrero.com\/en\/#\/schema\/person\/86c3d2e970dac903f40e96d4841a84b0"},"breadcrumb":{"@id":"https:\/\/www.sennferrero.com\/en\/2020\/11\/15\/la-maternidad-en-el-futbol-femenino\/#breadcrumb"},"inLanguage":"en-US","potentialAction":[{"@type":"ReadAction","target":["https:\/\/www.sennferrero.com\/en\/2020\/11\/15\/la-maternidad-en-el-futbol-femenino\/"]}]},{"@type":"ImageObject","inLanguage":"en-US","@id":"https:\/\/www.sennferrero.com\/en\/2020\/11\/15\/la-maternidad-en-el-futbol-femenino\/#primaryimage","url":"https:\/\/www.sennferrero.com\/wp-content\/uploads\/2021\/02\/alvaro_garcia.png","contentUrl":"https:\/\/www.sennferrero.com\/wp-content\/uploads\/2021\/02\/alvaro_garcia.png","width":900,"height":401},{"@type":"BreadcrumbList","@id":"https:\/\/www.sennferrero.com\/en\/2020\/11\/15\/la-maternidad-en-el-futbol-femenino\/#breadcrumb","itemListElement":[{"@type":"ListItem","position":1,"name":"Portada","item":"https:\/\/www.sennferrero.com\/en\/"},{"@type":"ListItem","position":2,"name":"La maternidad en el f\u00fatbol femenino"}]},{"@type":"WebSite","@id":"https:\/\/www.sennferrero.com\/en\/#website","url":"https:\/\/www.sennferrero.com\/en\/","name":"Senn Ferrero","description":"A personal service, a global company","potentialAction":[{"@type":"SearchAction","target":{"@type":"EntryPoint","urlTemplate":"https:\/\/www.sennferrero.com\/en\/?s={search_term_string}"},"query-input":{"@type":"PropertyValueSpecification","valueRequired":true,"valueName":"search_term_string"}}],"inLanguage":"en-US"},{"@type":"Person","@id":"https:\/\/www.sennferrero.com\/en\/#\/schema\/person\/86c3d2e970dac903f40e96d4841a84b0","name":"Juan Arano","image":{"@type":"ImageObject","inLanguage":"en-US","@id":"https:\/\/www.sennferrero.com\/en\/#\/schema\/person\/image\/","url":"https:\/\/secure.gravatar.com\/avatar\/4af81b670254b85380fc75d5ebda96b9a04eab6f516049bb7924967e64fd40c8?s=96&d=mm&r=g","contentUrl":"https:\/\/secure.gravatar.com\/avatar\/4af81b670254b85380fc75d5ebda96b9a04eab6f516049bb7924967e64fd40c8?s=96&d=mm&r=g","caption":"Juan Arano"},"url":"https:\/\/www.sennferrero.com\/en\/author\/juanarano\/"}]}},"_links":{"self":[{"href":"https:\/\/www.sennferrero.com\/en\/wp-json\/wp\/v2\/posts\/3023","targetHints":{"allow":["GET"]}}],"collection":[{"href":"https:\/\/www.sennferrero.com\/en\/wp-json\/wp\/v2\/posts"}],"about":[{"href":"https:\/\/www.sennferrero.com\/en\/wp-json\/wp\/v2\/types\/post"}],"author":[{"embeddable":true,"href":"https:\/\/www.sennferrero.com\/en\/wp-json\/wp\/v2\/users\/3"}],"replies":[{"embeddable":true,"href":"https:\/\/www.sennferrero.com\/en\/wp-json\/wp\/v2\/comments?post=3023"}],"version-history":[{"count":0,"href":"https:\/\/www.sennferrero.com\/en\/wp-json\/wp\/v2\/posts\/3023\/revisions"}],"wp:featuredmedia":[{"embeddable":true,"href":"https:\/\/www.sennferrero.com\/en\/wp-json\/wp\/v2\/media\/2766"}],"wp:attachment":[{"href":"https:\/\/www.sennferrero.com\/en\/wp-json\/wp\/v2\/media?parent=3023"}],"wp:term":[{"taxonomy":"category","embeddable":true,"href":"https:\/\/www.sennferrero.com\/en\/wp-json\/wp\/v2\/categories?post=3023"},{"taxonomy":"post_tag","embeddable":true,"href":"https:\/\/www.sennferrero.com\/en\/wp-json\/wp\/v2\/tags?post=3023"}],"curies":[{"name":"wp","href":"https:\/\/api.w.org\/{rel}","templated":true}]}}