{"id":3330,"date":"2020-09-22T14:16:00","date_gmt":"2020-09-22T14:16:00","guid":{"rendered":"https:\/\/sennferrero.com\/2020\/09\/22\/modificaciones-en-la-ley-general-tributaria\/"},"modified":"2020-09-22T14:16:00","modified_gmt":"2020-09-22T14:16:00","slug":"modificaciones-en-la-ley-general-tributaria","status":"publish","type":"post","link":"https:\/\/www.sennferrero.com\/en\/2020\/09\/22\/modificaciones-en-la-ley-general-tributaria\/","title":{"rendered":"Modificaciones en la Ley General Tributaria"},"content":{"rendered":"\n<p>El pasado d\u00eda 22 de septiembre de 2015 se public\u00f3 en el BOE la Ley 34\/2015, de 21 de septiembre, por la cual se modifica la actual Ley 58\/2003, de 17 de diciembre, General Tributaria. Con car\u00e1cter general, entra en vigor en fecha 12 de octubre, esto es, una vez transcurridos 20 d\u00edas desde su publicaci\u00f3n en el BOE, excepto en la obligaci\u00f3n de llevanza y aportaci\u00f3n de los libros de forma peri\u00f3dica y por medios telem\u00e1ticos que entrar\u00e1 en vigor a partir de 1 de enero de 2017.<\/p>\n\n\n\n<p>El principal objeto de la reforma tiene por objeto fomentar la lucha contra el fraude, reducir la litigiosidad e incrementar la seguridad jur\u00eddica de las normas fiscales.<\/p>\n\n\n\n<p>Entre las novedades m\u00e1s destacables cabe se\u00f1alar las siguientes:<\/p>\n\n\n\n<ul class=\"wp-block-list\"><li>Publicaci\u00f3n de lista de deudores. Se publicar\u00e1 de forma peri\u00f3dica el listado con los deudores con la Hacienda P\u00fablica respecto a deudas que no se encuentren aplazadas o suspendidas y que superen el mill\u00f3n de euros. De este modo, a final de a\u00f1o se publicar\u00e1 la primera lista respecto a aquellos que a fecha 31 de julio de 2015 se encontraran en tal circunstancia. Igualmente, se concede un tr\u00e1mite de alegaciones a los interesados, previo a dicha publicaci\u00f3n, pero \u00fanicamente para la correcci\u00f3n de errores materiales.<\/li><li>Se refuerza la capacidad de comprobaci\u00f3n por parte de la Hacienda P\u00fablica, habilitando para comprobar las obligaciones tributarias en el caso de ejercicios prescritos, en relaci\u00f3n a cuestiones planteadas para ejercicios no prescritos. Con car\u00e1cter general, el derecho de la Administraci\u00f3n tributaria para realizar actuaciones de comprobaci\u00f3n de bases o cuotas compensadas o pendientes de compensar o de deducciones, aplicadas o bien pendientes de aplicaci\u00f3n, prescribir\u00e1 a los 10 a\u00f1os a contar desde el d\u00eda siguiente en que finaliz\u00f3 el plazo voluntario para presentar la declaraci\u00f3n o autoliquidaci\u00f3n correspondiente.<\/li><li>Se ha regulado una infracci\u00f3n tributaria con el objeto de sancionar aquellos casos que hayan sido declarados por la Administraci\u00f3n como conflicto en la aplicaci\u00f3n de la norma.<\/li><li>Se regula una nueva sanci\u00f3n por conductas artificiosas o fraudulentas con el objeto de luchar contra comportamientos sofisticados de fraude fiscal o estructuras artificiosas.<\/li><li>Se fijan nuevos plazos para el procedimiento de inspecci\u00f3n, ampli\u00e1ndose con car\u00e1cter general a 18 meses y en aquellos casos que resulten de especial complejidad, a 27 meses.<\/li><li>Se potencian la utilizaci\u00f3n de medios electr\u00f3nicos ante el TEAR y el TEAC, incluyendo igualmente medios para la unificaci\u00f3n de doctrina y acortando los plazos para la resoluci\u00f3n.<\/li><li>Se faculta a la DGT para dictar disposiciones interpretativas o aclaratorias con car\u00e1cter vinculante con el objeto de reducir la conflictividad.<\/li><li>Por lo que se refiere al Proyecto de Suministro Inmediato de Informaci\u00f3n (Proyecto SII) que empezar\u00e1 a funcionar el 1 de enero de 2017 -casos en los que la aportaci\u00f3n o llevanza de los libros registro se pueda efectuar por medios electr\u00f3nicos-, se anticipa una norma que desarrollar\u00e1 reglamentariamente dichas obligaciones.<\/li><li>Se regula un procedimiento de recuperaci\u00f3n de las ayudas de Estado derivado de las exigencias de la UE.<\/li><\/ul>\n\n\n\n<p>Como puede comprobarse, la reforme viene cargada de dotar de mayor capacidad a la Administraci\u00f3n tributaria, perseguir de forma m\u00e1s contundente el fraude fiscal, incrementar el elenco de sanciones, y potenciar el cumplimiento de las normas tributarais con medidas como la publicaci\u00f3n de listas de deudores. Medidas que han tenido una gran transcendencia p\u00fablica y que exigen, a\u00fan m\u00e1s si cabe, el rigor en la aplicaci\u00f3n de las normas tributarias.<\/p>\n","protected":false},"excerpt":{"rendered":"<p>El pasado d\u00eda 22 de septiembre de 2015 se public\u00f3 en el BOE la Ley 34\/2015, de 21 de septiembre, por la cual se modifica la actual Ley 58\/2003, de 17 de diciembre, General Tributaria. Con car\u00e1cter general, entra en vigor en fecha 12 de octubre, esto es, una vez transcurridos 20 d\u00edas desde su publicaci\u00f3n en el BOE, excepto en la obligaci\u00f3n de llevanza y aportaci\u00f3n de los libros de forma peri\u00f3dica y por medios telem\u00e1ticos que entrar\u00e1 en vigor a partir de 1 de enero de 2017.<\/p>\n","protected":false},"author":3,"featured_media":2554,"comment_status":"open","ping_status":"open","sticky":false,"template":"","format":"standard","meta":{"_acf_changed":false,"footnotes":""},"categories":[84],"tags":[105],"class_list":["post-3330","post","type-post","status-publish","format-standard","has-post-thumbnail","hentry","category-opinions","tag-eduardo-montejo-en"],"acf":[],"yoast_head":"<!-- This site is optimized with the Yoast SEO plugin v26.6 - https:\/\/yoast.com\/wordpress\/plugins\/seo\/ -->\n<title>Modificaciones en la Ley General Tributaria - Senn Ferrero<\/title>\n<meta name=\"robots\" content=\"index, follow, max-snippet:-1, max-image-preview:large, max-video-preview:-1\" \/>\n<link rel=\"canonical\" href=\"https:\/\/www.sennferrero.com\/en\/2020\/09\/22\/modificaciones-en-la-ley-general-tributaria\/\" \/>\n<meta property=\"og:locale\" content=\"en_US\" \/>\n<meta property=\"og:type\" content=\"article\" \/>\n<meta property=\"og:title\" content=\"Modificaciones en la Ley General Tributaria - Senn Ferrero\" \/>\n<meta property=\"og:description\" content=\"El pasado d\u00eda 22 de septiembre de 2015 se public\u00f3 en el BOE la Ley 34\/2015, de 21 de septiembre, por la cual se modifica la actual Ley 58\/2003, de 17 de diciembre, General Tributaria. Con car\u00e1cter general, entra en vigor en fecha 12 de octubre, esto es, una vez transcurridos 20 d\u00edas desde su publicaci\u00f3n en el BOE, excepto en la obligaci\u00f3n de llevanza y aportaci\u00f3n de los libros de forma peri\u00f3dica y por medios telem\u00e1ticos que entrar\u00e1 en vigor a partir de 1 de enero de 2017.\" \/>\n<meta property=\"og:url\" content=\"https:\/\/www.sennferrero.com\/en\/2020\/09\/22\/modificaciones-en-la-ley-general-tributaria\/\" \/>\n<meta property=\"og:site_name\" content=\"Senn Ferrero\" \/>\n<meta property=\"article:published_time\" content=\"2020-09-22T14:16:00+00:00\" \/>\n<meta property=\"og:image\" content=\"https:\/\/www.sennferrero.com\/wp-content\/uploads\/2021\/01\/edurardo_montejo.png\" \/>\n\t<meta property=\"og:image:width\" content=\"901\" \/>\n\t<meta property=\"og:image:height\" content=\"400\" \/>\n\t<meta property=\"og:image:type\" content=\"image\/png\" \/>\n<meta name=\"author\" content=\"Juan Arano\" \/>\n<meta name=\"twitter:card\" content=\"summary_large_image\" \/>\n<meta name=\"twitter:label1\" content=\"Written by\" \/>\n\t<meta name=\"twitter:data1\" content=\"Juan Arano\" \/>\n\t<meta name=\"twitter:label2\" content=\"Est. reading time\" \/>\n\t<meta name=\"twitter:data2\" content=\"3 minutes\" \/>\n<script type=\"application\/ld+json\" class=\"yoast-schema-graph\">{\"@context\":\"https:\/\/schema.org\",\"@graph\":[{\"@type\":\"WebPage\",\"@id\":\"https:\/\/www.sennferrero.com\/en\/2020\/09\/22\/modificaciones-en-la-ley-general-tributaria\/\",\"url\":\"https:\/\/www.sennferrero.com\/en\/2020\/09\/22\/modificaciones-en-la-ley-general-tributaria\/\",\"name\":\"Modificaciones en la Ley General Tributaria - Senn Ferrero\",\"isPartOf\":{\"@id\":\"https:\/\/www.sennferrero.com\/en\/#website\"},\"primaryImageOfPage\":{\"@id\":\"https:\/\/www.sennferrero.com\/en\/2020\/09\/22\/modificaciones-en-la-ley-general-tributaria\/#primaryimage\"},\"image\":{\"@id\":\"https:\/\/www.sennferrero.com\/en\/2020\/09\/22\/modificaciones-en-la-ley-general-tributaria\/#primaryimage\"},\"thumbnailUrl\":\"https:\/\/www.sennferrero.com\/wp-content\/uploads\/2021\/01\/edurardo_montejo.png\",\"datePublished\":\"2020-09-22T14:16:00+00:00\",\"author\":{\"@id\":\"https:\/\/www.sennferrero.com\/en\/#\/schema\/person\/86c3d2e970dac903f40e96d4841a84b0\"},\"breadcrumb\":{\"@id\":\"https:\/\/www.sennferrero.com\/en\/2020\/09\/22\/modificaciones-en-la-ley-general-tributaria\/#breadcrumb\"},\"inLanguage\":\"en-US\",\"potentialAction\":[{\"@type\":\"ReadAction\",\"target\":[\"https:\/\/www.sennferrero.com\/en\/2020\/09\/22\/modificaciones-en-la-ley-general-tributaria\/\"]}]},{\"@type\":\"ImageObject\",\"inLanguage\":\"en-US\",\"@id\":\"https:\/\/www.sennferrero.com\/en\/2020\/09\/22\/modificaciones-en-la-ley-general-tributaria\/#primaryimage\",\"url\":\"https:\/\/www.sennferrero.com\/wp-content\/uploads\/2021\/01\/edurardo_montejo.png\",\"contentUrl\":\"https:\/\/www.sennferrero.com\/wp-content\/uploads\/2021\/01\/edurardo_montejo.png\",\"width\":901,\"height\":400},{\"@type\":\"BreadcrumbList\",\"@id\":\"https:\/\/www.sennferrero.com\/en\/2020\/09\/22\/modificaciones-en-la-ley-general-tributaria\/#breadcrumb\",\"itemListElement\":[{\"@type\":\"ListItem\",\"position\":1,\"name\":\"Portada\",\"item\":\"https:\/\/www.sennferrero.com\/en\/\"},{\"@type\":\"ListItem\",\"position\":2,\"name\":\"Modificaciones en la Ley General Tributaria\"}]},{\"@type\":\"WebSite\",\"@id\":\"https:\/\/www.sennferrero.com\/en\/#website\",\"url\":\"https:\/\/www.sennferrero.com\/en\/\",\"name\":\"Senn Ferrero\",\"description\":\"A personal service, a global company\",\"potentialAction\":[{\"@type\":\"SearchAction\",\"target\":{\"@type\":\"EntryPoint\",\"urlTemplate\":\"https:\/\/www.sennferrero.com\/en\/?s={search_term_string}\"},\"query-input\":{\"@type\":\"PropertyValueSpecification\",\"valueRequired\":true,\"valueName\":\"search_term_string\"}}],\"inLanguage\":\"en-US\"},{\"@type\":\"Person\",\"@id\":\"https:\/\/www.sennferrero.com\/en\/#\/schema\/person\/86c3d2e970dac903f40e96d4841a84b0\",\"name\":\"Juan Arano\",\"image\":{\"@type\":\"ImageObject\",\"inLanguage\":\"en-US\",\"@id\":\"https:\/\/www.sennferrero.com\/en\/#\/schema\/person\/image\/\",\"url\":\"https:\/\/secure.gravatar.com\/avatar\/4af81b670254b85380fc75d5ebda96b9a04eab6f516049bb7924967e64fd40c8?s=96&d=mm&r=g\",\"contentUrl\":\"https:\/\/secure.gravatar.com\/avatar\/4af81b670254b85380fc75d5ebda96b9a04eab6f516049bb7924967e64fd40c8?s=96&d=mm&r=g\",\"caption\":\"Juan Arano\"},\"url\":\"https:\/\/www.sennferrero.com\/en\/author\/juanarano\/\"}]}<\/script>\n<!-- \/ Yoast SEO plugin. -->","yoast_head_json":{"title":"Modificaciones en la Ley General Tributaria - Senn Ferrero","robots":{"index":"index","follow":"follow","max-snippet":"max-snippet:-1","max-image-preview":"max-image-preview:large","max-video-preview":"max-video-preview:-1"},"canonical":"https:\/\/www.sennferrero.com\/en\/2020\/09\/22\/modificaciones-en-la-ley-general-tributaria\/","og_locale":"en_US","og_type":"article","og_title":"Modificaciones en la Ley General Tributaria - Senn Ferrero","og_description":"El pasado d\u00eda 22 de septiembre de 2015 se public\u00f3 en el BOE la Ley 34\/2015, de 21 de septiembre, por la cual se modifica la actual Ley 58\/2003, de 17 de diciembre, General Tributaria. Con car\u00e1cter general, entra en vigor en fecha 12 de octubre, esto es, una vez transcurridos 20 d\u00edas desde su publicaci\u00f3n en el BOE, excepto en la obligaci\u00f3n de llevanza y aportaci\u00f3n de los libros de forma peri\u00f3dica y por medios telem\u00e1ticos que entrar\u00e1 en vigor a partir de 1 de enero de 2017.","og_url":"https:\/\/www.sennferrero.com\/en\/2020\/09\/22\/modificaciones-en-la-ley-general-tributaria\/","og_site_name":"Senn Ferrero","article_published_time":"2020-09-22T14:16:00+00:00","og_image":[{"width":901,"height":400,"url":"https:\/\/www.sennferrero.com\/wp-content\/uploads\/2021\/01\/edurardo_montejo.png","type":"image\/png"}],"author":"Juan Arano","twitter_card":"summary_large_image","twitter_misc":{"Written by":"Juan Arano","Est. reading time":"3 minutes"},"schema":{"@context":"https:\/\/schema.org","@graph":[{"@type":"WebPage","@id":"https:\/\/www.sennferrero.com\/en\/2020\/09\/22\/modificaciones-en-la-ley-general-tributaria\/","url":"https:\/\/www.sennferrero.com\/en\/2020\/09\/22\/modificaciones-en-la-ley-general-tributaria\/","name":"Modificaciones en la Ley General Tributaria - Senn Ferrero","isPartOf":{"@id":"https:\/\/www.sennferrero.com\/en\/#website"},"primaryImageOfPage":{"@id":"https:\/\/www.sennferrero.com\/en\/2020\/09\/22\/modificaciones-en-la-ley-general-tributaria\/#primaryimage"},"image":{"@id":"https:\/\/www.sennferrero.com\/en\/2020\/09\/22\/modificaciones-en-la-ley-general-tributaria\/#primaryimage"},"thumbnailUrl":"https:\/\/www.sennferrero.com\/wp-content\/uploads\/2021\/01\/edurardo_montejo.png","datePublished":"2020-09-22T14:16:00+00:00","author":{"@id":"https:\/\/www.sennferrero.com\/en\/#\/schema\/person\/86c3d2e970dac903f40e96d4841a84b0"},"breadcrumb":{"@id":"https:\/\/www.sennferrero.com\/en\/2020\/09\/22\/modificaciones-en-la-ley-general-tributaria\/#breadcrumb"},"inLanguage":"en-US","potentialAction":[{"@type":"ReadAction","target":["https:\/\/www.sennferrero.com\/en\/2020\/09\/22\/modificaciones-en-la-ley-general-tributaria\/"]}]},{"@type":"ImageObject","inLanguage":"en-US","@id":"https:\/\/www.sennferrero.com\/en\/2020\/09\/22\/modificaciones-en-la-ley-general-tributaria\/#primaryimage","url":"https:\/\/www.sennferrero.com\/wp-content\/uploads\/2021\/01\/edurardo_montejo.png","contentUrl":"https:\/\/www.sennferrero.com\/wp-content\/uploads\/2021\/01\/edurardo_montejo.png","width":901,"height":400},{"@type":"BreadcrumbList","@id":"https:\/\/www.sennferrero.com\/en\/2020\/09\/22\/modificaciones-en-la-ley-general-tributaria\/#breadcrumb","itemListElement":[{"@type":"ListItem","position":1,"name":"Portada","item":"https:\/\/www.sennferrero.com\/en\/"},{"@type":"ListItem","position":2,"name":"Modificaciones en la Ley General Tributaria"}]},{"@type":"WebSite","@id":"https:\/\/www.sennferrero.com\/en\/#website","url":"https:\/\/www.sennferrero.com\/en\/","name":"Senn Ferrero","description":"A personal service, a global company","potentialAction":[{"@type":"SearchAction","target":{"@type":"EntryPoint","urlTemplate":"https:\/\/www.sennferrero.com\/en\/?s={search_term_string}"},"query-input":{"@type":"PropertyValueSpecification","valueRequired":true,"valueName":"search_term_string"}}],"inLanguage":"en-US"},{"@type":"Person","@id":"https:\/\/www.sennferrero.com\/en\/#\/schema\/person\/86c3d2e970dac903f40e96d4841a84b0","name":"Juan Arano","image":{"@type":"ImageObject","inLanguage":"en-US","@id":"https:\/\/www.sennferrero.com\/en\/#\/schema\/person\/image\/","url":"https:\/\/secure.gravatar.com\/avatar\/4af81b670254b85380fc75d5ebda96b9a04eab6f516049bb7924967e64fd40c8?s=96&d=mm&r=g","contentUrl":"https:\/\/secure.gravatar.com\/avatar\/4af81b670254b85380fc75d5ebda96b9a04eab6f516049bb7924967e64fd40c8?s=96&d=mm&r=g","caption":"Juan Arano"},"url":"https:\/\/www.sennferrero.com\/en\/author\/juanarano\/"}]}},"_links":{"self":[{"href":"https:\/\/www.sennferrero.com\/en\/wp-json\/wp\/v2\/posts\/3330","targetHints":{"allow":["GET"]}}],"collection":[{"href":"https:\/\/www.sennferrero.com\/en\/wp-json\/wp\/v2\/posts"}],"about":[{"href":"https:\/\/www.sennferrero.com\/en\/wp-json\/wp\/v2\/types\/post"}],"author":[{"embeddable":true,"href":"https:\/\/www.sennferrero.com\/en\/wp-json\/wp\/v2\/users\/3"}],"replies":[{"embeddable":true,"href":"https:\/\/www.sennferrero.com\/en\/wp-json\/wp\/v2\/comments?post=3330"}],"version-history":[{"count":0,"href":"https:\/\/www.sennferrero.com\/en\/wp-json\/wp\/v2\/posts\/3330\/revisions"}],"wp:featuredmedia":[{"embeddable":true,"href":"https:\/\/www.sennferrero.com\/en\/wp-json\/wp\/v2\/media\/2554"}],"wp:attachment":[{"href":"https:\/\/www.sennferrero.com\/en\/wp-json\/wp\/v2\/media?parent=3330"}],"wp:term":[{"taxonomy":"category","embeddable":true,"href":"https:\/\/www.sennferrero.com\/en\/wp-json\/wp\/v2\/categories?post=3330"},{"taxonomy":"post_tag","embeddable":true,"href":"https:\/\/www.sennferrero.com\/en\/wp-json\/wp\/v2\/tags?post=3330"}],"curies":[{"name":"wp","href":"https:\/\/api.w.org\/{rel}","templated":true}]}}