{"id":3331,"date":"2020-09-23T14:12:00","date_gmt":"2020-09-23T14:12:00","guid":{"rendered":"https:\/\/sennferrero.com\/2020\/09\/23\/topes-salariales-la-liga-temporada-2015-2016\/"},"modified":"2021-02-03T14:27:35","modified_gmt":"2021-02-03T14:27:35","slug":"topes-salariales-la-liga-temporada-2015-2016","status":"publish","type":"post","link":"https:\/\/www.sennferrero.com\/en\/2020\/09\/23\/topes-salariales-la-liga-temporada-2015-2016\/","title":{"rendered":"Topes salariales La Liga temporada 2015\/2016"},"content":{"rendered":"\n<h5 class=\"wp-block-heading\">Ecuaci\u00f3n de Equilibrio Presupuestario<\/h5>\n\n\n\n<p>El Comit\u00e9 de Control Econ\u00f3mico (en adelante \u201cCCE\u201d) de la Liga de F\u00fatbol Profesional (en adelante \u201cLaLiga\u201d) es el encargado de verificar el adecuado cumplimiento de las reglas de control econ\u00f3mico y de las normas y criterios para la elaboraci\u00f3n de los presupuestos de sus asociados. Vela, por tanto, para salvaguardar la salud econ\u00f3mica de los clubes de nuestro f\u00fatbol profesional.<\/p>\n\n\n\n<p>Para ello utiliza la mencionada normativa de control econ\u00f3mico que analiza la situaci\u00f3n financiera de los clubes y sociedades an\u00f3nimas deportivas de primera y segunda divisi\u00f3n A desde dos enfoques: \u201ca priori\u201d y \u201ca posteriori\u201d.<\/p>\n\n\n\n<p>En este art\u00edculo nos detendremos en algunos aspectos de la norma de control \u201ca priori\u201d por ser aquella que recoge una serie de pol\u00edticas activas con el objetivo de conseguir que los clubes no solo no generen p\u00e9rdidas en sus cuentas de resultados sino que generen recursos suficientes para atender sus obligaciones de pago.<\/p>\n\n\n\n<p>La magnitud de referencia de este control \u201ca priori\u201d es lo que se conoce como \u201c<strong>Ecuaci\u00f3n de Equilibrio Presupuestario&#8221;<\/strong>&nbsp;(en adelante \u201cEEP\u201d) y pretende, como m\u00ednimo, igualar el Presupuesto de Ingresos con el Presupuesto de Gastos, distribuyendo estos \u00faltimos en dos grandes grupos:&nbsp;<strong>Coste de Plantilla Deportiva<\/strong>&nbsp;(en adelante \u201cCPD\u201d) y Resto de Gastos. La diferencia entre el Presupuesto de Ingresos y el de Resto de Gastos ser\u00e1 el m\u00e1ximo importe aceptado como Coste de Plantilla Deportiva. Esta plantilla deportiva, a su vez, se distribuye en: Inscribible en las competiciones profesionales (LaLiga) incluido cuerpo t\u00e9cnico y No Inscribible.<\/p>\n\n\n\n<p>Es importante mencionar que, dentro del concepto de Coste de Plantilla Deportiva se incluyen sueldo y salarios, gasto en Seguridad Social, primas colectivas e individuales, cesi\u00f3n de derechos de imagen, gastos por adquisici\u00f3n de derechos de jugadores, amortizaciones e ingresos y gastos derivados de cesiones temporales de jugadores. Es decir, todos aquellos conceptos de gastos derivados de la participaci\u00f3n de los jugadores en competiciones en las que participa el club o sociedad an\u00f3nima deportiva en cualquier categor\u00eda.<\/p>\n\n\n\n<p>Por tanto, observamos c\u00f3mo LaLiga est\u00e1 limitando a los clubes el gasto en jugadores en tanto en cuanto no gocen de una salud econ\u00f3mica m\u00ednima. En consecuencia, podemos hablar de \u201cTope Salarial\u201d, entendido como l\u00edmite de CPD.<\/p>\n\n\n\n<p>Los clubes, por su lado, pueden tener necesidad de fichar jugadores, as\u00ed como capacidad de financiaci\u00f3n. Por ello su inter\u00e9s ser\u00e1 en numerosas ocasiones incrementar este l\u00edmite de CPD en sus presupuestos para la temporada siguiente. Y es por ello por lo que LaLiga establece los siguientes par\u00e1metros y l\u00edmites para ello, con el fin de que no se resienta la cuenta de resultados de los clubes ni aumente el endeudamiento. En resumen, hacer del negocio del f\u00fatbol profesional un negocio sostenible en el largo plazo.<\/p>\n\n\n\n<h5 class=\"wp-block-heading\">Magnitudes utilizadas por LaLiga para limitar o incrementar el CPD<\/h5>\n\n\n\n<p>Siendo T el ejercicio a presupuestar (por ejemplo la temporada 2015\/2016) y T-1 el ejercicio cerrado pendiente de aprobar (la temporada 2014\/2015), se deber\u00e1 ajustar el CPD por las p\u00e9rdidas estimadas en T-1 y las presupuestadas en T.<\/p>\n\n\n\n<p>Por el contrario, en caso de beneficios en T-1, s\u00ed se permite, si se cumplen determinados criterios econ\u00f3micos, el aumento del CPD, en todo o en parte del mencionado beneficio, en las ventanas temporales establecidas.<\/p>\n\n\n\n<p>Otra de las formas de incrementar el l\u00edmite salarial es mediante ampliaciones de capital de los socios. Eso s\u00ed, el l\u00edmite era de 45 millones de euros en un per\u00edodo de tres a\u00f1os hasta la temporada 2014\/2015, y de 30 millones de euros en un per\u00edodo de tres a\u00f1os a partir de la temporada 2015\/2016.Por su parte, en el supuesto de incremento de CPD por obtenci\u00f3n de beneficios en temporadas anteriores, se han de cumplir adicionalmente los siguientes requisitos:<\/p>\n\n\n\n<ol class=\"wp-block-list\"><li>Patrimonio Neto a 30\/6 de T-2 debe ser mayor que 30% de la Cifra de negocios (60% en 2\u00aaA), o bienBeneficio antes de Impuestos superior al 3% de la Cifra de Negocios\u2026 y<\/li><li>Pasivo exigible a corto plazo a 31\/12 de T-1 debe ser menor que Cifra de Negocios x 1,25 (x 0,9 en 2\u00aaA), o bien Patrimonio Neto debe ser mayor o igual al 60% del Pasivo exigible a corto plazo.<\/li><\/ol>\n\n\n\n<p>Como se puede observar, el CCE trata de establecer magnitudes cuantificables que considera necesarias para permitir el incremento del tope salarial o CPD, y adem\u00e1s establece periodos transitorios donde ajusta\/flexibiliza las anteriores magnitudes en funci\u00f3n de los balances de cada entidad.<\/p>\n\n\n\n<p>Sin embargo, el c\u00e1lculo de los l\u00edmites de ingresos y gastos, cobros y pagos a presupuestar no es sencillo, pues tiene numerosos condicionantes.<\/p>\n\n\n\n<p>Como ejemplo podemos citar que en caso de Concurso de Acreedores con Convenio aprobado, el plan de pagos exigido por el Convenio se tiene en cuenta en la generaci\u00f3n de recursos exigida al presupuesto y los ingresos por quitas no se tienen en cuenta para calcular el l\u00edmite de CPD. En caso de que no haya convenio aprobado, LaLiga lo analiza y decide seg\u00fan su criterio.<\/p>\n\n\n\n<p>Otro ejemplo relativo al Presupuesto de Gastos: En general no se aceptan Reducciones mayores al 8% en cada partida, e incluso en los servicios exteriores no se admite reducci\u00f3n alguna a\u00f1o a a\u00f1o.<\/p>\n\n\n\n<h5 class=\"wp-block-heading\">Novedades para la temporada 2015-2016:<\/h5>\n\n\n\n<p>La novedad m\u00e1s importante para la temporada reci\u00e9n comenzada trata sobre los l\u00edmites de CPD en el caso de ampliaciones de capital. Se procedido a modificar la regulaci\u00f3n distinguiendo 4 grupos diferenciados:<\/p>\n\n\n\n<ul class=\"wp-block-list\"><li>1er grupo: Clubes o SAD \u201cTop\u201d en lo que a cumplimiento de par\u00e1metros y salud financiera se refiere.<\/li><li>2\u00ba grupo: Resto de clubes o SAD no incluidos en grupo anterior y No acogidos a Convenio.<\/li><li>3er grupo: Clubes o SAD con Convenio aprobado.4\u00ba grupo: Clubes o SAD en Concurso con Convenio no aprobado a\u00fan.<\/li><\/ul>\n\n\n\n<p>As\u00ed, para realizar una ampliaci\u00f3n de capital, por ejemplo, de 20 millones de euros, los l\u00edmites establecidos son los siguientes:<\/p>\n\n\n\n<ul class=\"wp-block-list\"><li>1er grupo: Ampliaci\u00f3n de 20MM, se permite incremento en CPD en 5 millones al a\u00f1o x 4 a\u00f1os. Siempre hay que dividirlo en 4 a\u00f1os.<\/li><li>2\u00ba grupo: Es necesaria la misma ampliaci\u00f3n de 20MM para poder incrementar el CPD durante los 4 a\u00f1os indicados pero a raz\u00f3n de 4MM al a\u00f1o, pues el restante 20% (los restantes 4 millones) ser\u00e1n utilizados para sanear el balance.<\/li><li>3er grupo: Es necesaria la misma ampliaci\u00f3n de 20MM para poder incrementar el CPD durante 4 a\u00f1os pero solo a raz\u00f3n de 2,5MM al a\u00f1o, pues el 50% de la ampliaci\u00f3n se utilizar\u00eda para sanear balance, y el restante 50% se podr\u00e1 destinar al incremento de CPD durante los 4 a\u00f1os indicados.<\/li><li>4\u00ba grupo: Existe discrecionalidad por parte del CCE: no hay % fijos sino que el CCE resuelve tras analizar la situaci\u00f3n en particular, teniendo en cuenta a la administraci\u00f3n concursal.<\/li><\/ul>\n\n\n\n<p>Como excepci\u00f3n a lo anterior y solo para Clubes o SAD de 2\u00aa divisi\u00f3n, el \u00d3rgano de validaci\u00f3n del CCE ajustar\u00e1 el incremento del CPD de acuerdo al n\u00famero medio de a\u00f1os de contrato de la plantilla deportiva inscribible (por ejemplo podr\u00eda pasar 4 a\u00f1os a 2 a\u00f1os si los contratos son de corta duraci\u00f3n).<\/p>\n\n\n\n<h5 class=\"wp-block-heading\">Conclusi\u00f3n<\/h5>\n\n\n\n<p>Observamos que se est\u00e1 produciendo una Reestructuraci\u00f3n sistem\u00e1tica y continuada de las normas de control aprobadas por LaLiga para con sus propios socios (y es seguro que habr\u00e1 m\u00e1s modificaciones en el futuro), con resultados m\u00e1s que satisfactorios.<\/p>\n\n\n\n<p>Desde luego parecen medidas muy acertadas teniendo en cuenta los datos publicados por LaLiga sobre la reducci\u00f3n de la deuda de los Clubes y SAD, tanto con las administraciones p\u00fablicas como con el resto de integrantes del sector. La reducci\u00f3n m\u00e1s significativa se refiere a la deuda con la AEAT, que se ha reducido al 50% en los \u00faltimos 3 a\u00f1os (pasando de 650MM de euros a 317MM de euros).<\/p>\n\n\n\n<p>En cualquier caso habr\u00e1 que seguir trabajando intensamente a futuro en la misma direcci\u00f3n, pues cada vez que una entidad deportiva se declara en concurso de acreedores (el Elche CF recientemente) se produce un golpe a la l\u00ednea de flotaci\u00f3n de nuestro deporte rey.<\/p>\n\n\n\n<p><a href=\"http:\/\/sennferrero_old.pro\/attachments\/article\/260\/topes_salariales_laliga_2015_2016.pdf\" target=\"_blank\" rel=\"noreferrer noopener\">Topes salariales La Liga temporada 2015\/2016<\/a><\/p>\n","protected":false},"excerpt":{"rendered":"<p>Ecuaci\u00f3n de Equilibrio Presupuestario<\/p>\n","protected":false},"author":3,"featured_media":3326,"comment_status":"open","ping_status":"open","sticky":false,"template":"","format":"standard","meta":{"_acf_changed":false,"footnotes":""},"categories":[84],"tags":[131],"class_list":["post-3331","post","type-post","status-publish","format-standard","has-post-thumbnail","hentry","category-opinions","tag-ignacio-saenz-en"],"acf":[],"yoast_head":"<!-- This site is optimized with the Yoast SEO plugin v26.6 - https:\/\/yoast.com\/wordpress\/plugins\/seo\/ -->\n<title>Topes salariales La Liga temporada 2015\/2016 - Senn Ferrero<\/title>\n<meta name=\"robots\" content=\"index, follow, max-snippet:-1, max-image-preview:large, max-video-preview:-1\" \/>\n<link rel=\"canonical\" href=\"https:\/\/www.sennferrero.com\/en\/2020\/09\/23\/topes-salariales-la-liga-temporada-2015-2016\/\" \/>\n<meta property=\"og:locale\" content=\"en_US\" \/>\n<meta property=\"og:type\" content=\"article\" \/>\n<meta property=\"og:title\" content=\"Topes salariales La Liga temporada 2015\/2016 - Senn Ferrero\" \/>\n<meta property=\"og:description\" content=\"Ecuaci\u00f3n de Equilibrio Presupuestario\" \/>\n<meta property=\"og:url\" content=\"https:\/\/www.sennferrero.com\/en\/2020\/09\/23\/topes-salariales-la-liga-temporada-2015-2016\/\" \/>\n<meta property=\"og:site_name\" content=\"Senn Ferrero\" \/>\n<meta property=\"article:published_time\" content=\"2020-09-23T14:12:00+00:00\" \/>\n<meta property=\"article:modified_time\" content=\"2021-02-03T14:27:35+00:00\" \/>\n<meta property=\"og:image\" content=\"https:\/\/www.sennferrero.com\/wp-content\/uploads\/2021\/02\/ignacio_saenz.png\" \/>\n\t<meta property=\"og:image:width\" content=\"901\" \/>\n\t<meta property=\"og:image:height\" content=\"400\" \/>\n\t<meta property=\"og:image:type\" content=\"image\/png\" \/>\n<meta name=\"author\" content=\"Juan Arano\" \/>\n<meta name=\"twitter:card\" content=\"summary_large_image\" \/>\n<meta name=\"twitter:label1\" content=\"Written by\" \/>\n\t<meta name=\"twitter:data1\" content=\"Juan Arano\" \/>\n\t<meta name=\"twitter:label2\" content=\"Est. reading time\" \/>\n\t<meta name=\"twitter:data2\" content=\"7 minutes\" \/>\n<script type=\"application\/ld+json\" class=\"yoast-schema-graph\">{\"@context\":\"https:\/\/schema.org\",\"@graph\":[{\"@type\":\"WebPage\",\"@id\":\"https:\/\/www.sennferrero.com\/en\/2020\/09\/23\/topes-salariales-la-liga-temporada-2015-2016\/\",\"url\":\"https:\/\/www.sennferrero.com\/en\/2020\/09\/23\/topes-salariales-la-liga-temporada-2015-2016\/\",\"name\":\"Topes salariales La Liga temporada 2015\/2016 - Senn Ferrero\",\"isPartOf\":{\"@id\":\"https:\/\/www.sennferrero.com\/en\/#website\"},\"primaryImageOfPage\":{\"@id\":\"https:\/\/www.sennferrero.com\/en\/2020\/09\/23\/topes-salariales-la-liga-temporada-2015-2016\/#primaryimage\"},\"image\":{\"@id\":\"https:\/\/www.sennferrero.com\/en\/2020\/09\/23\/topes-salariales-la-liga-temporada-2015-2016\/#primaryimage\"},\"thumbnailUrl\":\"https:\/\/www.sennferrero.com\/wp-content\/uploads\/2021\/02\/ignacio_saenz.png\",\"datePublished\":\"2020-09-23T14:12:00+00:00\",\"dateModified\":\"2021-02-03T14:27:35+00:00\",\"author\":{\"@id\":\"https:\/\/www.sennferrero.com\/en\/#\/schema\/person\/86c3d2e970dac903f40e96d4841a84b0\"},\"breadcrumb\":{\"@id\":\"https:\/\/www.sennferrero.com\/en\/2020\/09\/23\/topes-salariales-la-liga-temporada-2015-2016\/#breadcrumb\"},\"inLanguage\":\"en-US\",\"potentialAction\":[{\"@type\":\"ReadAction\",\"target\":[\"https:\/\/www.sennferrero.com\/en\/2020\/09\/23\/topes-salariales-la-liga-temporada-2015-2016\/\"]}]},{\"@type\":\"ImageObject\",\"inLanguage\":\"en-US\",\"@id\":\"https:\/\/www.sennferrero.com\/en\/2020\/09\/23\/topes-salariales-la-liga-temporada-2015-2016\/#primaryimage\",\"url\":\"https:\/\/www.sennferrero.com\/wp-content\/uploads\/2021\/02\/ignacio_saenz.png\",\"contentUrl\":\"https:\/\/www.sennferrero.com\/wp-content\/uploads\/2021\/02\/ignacio_saenz.png\",\"width\":901,\"height\":400},{\"@type\":\"BreadcrumbList\",\"@id\":\"https:\/\/www.sennferrero.com\/en\/2020\/09\/23\/topes-salariales-la-liga-temporada-2015-2016\/#breadcrumb\",\"itemListElement\":[{\"@type\":\"ListItem\",\"position\":1,\"name\":\"Portada\",\"item\":\"https:\/\/www.sennferrero.com\/en\/\"},{\"@type\":\"ListItem\",\"position\":2,\"name\":\"Topes salariales La Liga temporada 2015\/2016\"}]},{\"@type\":\"WebSite\",\"@id\":\"https:\/\/www.sennferrero.com\/en\/#website\",\"url\":\"https:\/\/www.sennferrero.com\/en\/\",\"name\":\"Senn Ferrero\",\"description\":\"A personal service, a global company\",\"potentialAction\":[{\"@type\":\"SearchAction\",\"target\":{\"@type\":\"EntryPoint\",\"urlTemplate\":\"https:\/\/www.sennferrero.com\/en\/?s={search_term_string}\"},\"query-input\":{\"@type\":\"PropertyValueSpecification\",\"valueRequired\":true,\"valueName\":\"search_term_string\"}}],\"inLanguage\":\"en-US\"},{\"@type\":\"Person\",\"@id\":\"https:\/\/www.sennferrero.com\/en\/#\/schema\/person\/86c3d2e970dac903f40e96d4841a84b0\",\"name\":\"Juan Arano\",\"image\":{\"@type\":\"ImageObject\",\"inLanguage\":\"en-US\",\"@id\":\"https:\/\/www.sennferrero.com\/en\/#\/schema\/person\/image\/\",\"url\":\"https:\/\/secure.gravatar.com\/avatar\/4af81b670254b85380fc75d5ebda96b9a04eab6f516049bb7924967e64fd40c8?s=96&d=mm&r=g\",\"contentUrl\":\"https:\/\/secure.gravatar.com\/avatar\/4af81b670254b85380fc75d5ebda96b9a04eab6f516049bb7924967e64fd40c8?s=96&d=mm&r=g\",\"caption\":\"Juan Arano\"},\"url\":\"https:\/\/www.sennferrero.com\/en\/author\/juanarano\/\"}]}<\/script>\n<!-- \/ Yoast SEO plugin. -->","yoast_head_json":{"title":"Topes salariales La Liga temporada 2015\/2016 - Senn Ferrero","robots":{"index":"index","follow":"follow","max-snippet":"max-snippet:-1","max-image-preview":"max-image-preview:large","max-video-preview":"max-video-preview:-1"},"canonical":"https:\/\/www.sennferrero.com\/en\/2020\/09\/23\/topes-salariales-la-liga-temporada-2015-2016\/","og_locale":"en_US","og_type":"article","og_title":"Topes salariales La Liga temporada 2015\/2016 - Senn Ferrero","og_description":"Ecuaci\u00f3n de Equilibrio Presupuestario","og_url":"https:\/\/www.sennferrero.com\/en\/2020\/09\/23\/topes-salariales-la-liga-temporada-2015-2016\/","og_site_name":"Senn Ferrero","article_published_time":"2020-09-23T14:12:00+00:00","article_modified_time":"2021-02-03T14:27:35+00:00","og_image":[{"width":901,"height":400,"url":"https:\/\/www.sennferrero.com\/wp-content\/uploads\/2021\/02\/ignacio_saenz.png","type":"image\/png"}],"author":"Juan Arano","twitter_card":"summary_large_image","twitter_misc":{"Written by":"Juan Arano","Est. reading time":"7 minutes"},"schema":{"@context":"https:\/\/schema.org","@graph":[{"@type":"WebPage","@id":"https:\/\/www.sennferrero.com\/en\/2020\/09\/23\/topes-salariales-la-liga-temporada-2015-2016\/","url":"https:\/\/www.sennferrero.com\/en\/2020\/09\/23\/topes-salariales-la-liga-temporada-2015-2016\/","name":"Topes salariales La Liga temporada 2015\/2016 - Senn Ferrero","isPartOf":{"@id":"https:\/\/www.sennferrero.com\/en\/#website"},"primaryImageOfPage":{"@id":"https:\/\/www.sennferrero.com\/en\/2020\/09\/23\/topes-salariales-la-liga-temporada-2015-2016\/#primaryimage"},"image":{"@id":"https:\/\/www.sennferrero.com\/en\/2020\/09\/23\/topes-salariales-la-liga-temporada-2015-2016\/#primaryimage"},"thumbnailUrl":"https:\/\/www.sennferrero.com\/wp-content\/uploads\/2021\/02\/ignacio_saenz.png","datePublished":"2020-09-23T14:12:00+00:00","dateModified":"2021-02-03T14:27:35+00:00","author":{"@id":"https:\/\/www.sennferrero.com\/en\/#\/schema\/person\/86c3d2e970dac903f40e96d4841a84b0"},"breadcrumb":{"@id":"https:\/\/www.sennferrero.com\/en\/2020\/09\/23\/topes-salariales-la-liga-temporada-2015-2016\/#breadcrumb"},"inLanguage":"en-US","potentialAction":[{"@type":"ReadAction","target":["https:\/\/www.sennferrero.com\/en\/2020\/09\/23\/topes-salariales-la-liga-temporada-2015-2016\/"]}]},{"@type":"ImageObject","inLanguage":"en-US","@id":"https:\/\/www.sennferrero.com\/en\/2020\/09\/23\/topes-salariales-la-liga-temporada-2015-2016\/#primaryimage","url":"https:\/\/www.sennferrero.com\/wp-content\/uploads\/2021\/02\/ignacio_saenz.png","contentUrl":"https:\/\/www.sennferrero.com\/wp-content\/uploads\/2021\/02\/ignacio_saenz.png","width":901,"height":400},{"@type":"BreadcrumbList","@id":"https:\/\/www.sennferrero.com\/en\/2020\/09\/23\/topes-salariales-la-liga-temporada-2015-2016\/#breadcrumb","itemListElement":[{"@type":"ListItem","position":1,"name":"Portada","item":"https:\/\/www.sennferrero.com\/en\/"},{"@type":"ListItem","position":2,"name":"Topes salariales La Liga temporada 2015\/2016"}]},{"@type":"WebSite","@id":"https:\/\/www.sennferrero.com\/en\/#website","url":"https:\/\/www.sennferrero.com\/en\/","name":"Senn Ferrero","description":"A personal service, a global company","potentialAction":[{"@type":"SearchAction","target":{"@type":"EntryPoint","urlTemplate":"https:\/\/www.sennferrero.com\/en\/?s={search_term_string}"},"query-input":{"@type":"PropertyValueSpecification","valueRequired":true,"valueName":"search_term_string"}}],"inLanguage":"en-US"},{"@type":"Person","@id":"https:\/\/www.sennferrero.com\/en\/#\/schema\/person\/86c3d2e970dac903f40e96d4841a84b0","name":"Juan Arano","image":{"@type":"ImageObject","inLanguage":"en-US","@id":"https:\/\/www.sennferrero.com\/en\/#\/schema\/person\/image\/","url":"https:\/\/secure.gravatar.com\/avatar\/4af81b670254b85380fc75d5ebda96b9a04eab6f516049bb7924967e64fd40c8?s=96&d=mm&r=g","contentUrl":"https:\/\/secure.gravatar.com\/avatar\/4af81b670254b85380fc75d5ebda96b9a04eab6f516049bb7924967e64fd40c8?s=96&d=mm&r=g","caption":"Juan Arano"},"url":"https:\/\/www.sennferrero.com\/en\/author\/juanarano\/"}]}},"_links":{"self":[{"href":"https:\/\/www.sennferrero.com\/en\/wp-json\/wp\/v2\/posts\/3331","targetHints":{"allow":["GET"]}}],"collection":[{"href":"https:\/\/www.sennferrero.com\/en\/wp-json\/wp\/v2\/posts"}],"about":[{"href":"https:\/\/www.sennferrero.com\/en\/wp-json\/wp\/v2\/types\/post"}],"author":[{"embeddable":true,"href":"https:\/\/www.sennferrero.com\/en\/wp-json\/wp\/v2\/users\/3"}],"replies":[{"embeddable":true,"href":"https:\/\/www.sennferrero.com\/en\/wp-json\/wp\/v2\/comments?post=3331"}],"version-history":[{"count":1,"href":"https:\/\/www.sennferrero.com\/en\/wp-json\/wp\/v2\/posts\/3331\/revisions"}],"predecessor-version":[{"id":3346,"href":"https:\/\/www.sennferrero.com\/en\/wp-json\/wp\/v2\/posts\/3331\/revisions\/3346"}],"wp:featuredmedia":[{"embeddable":true,"href":"https:\/\/www.sennferrero.com\/en\/wp-json\/wp\/v2\/media\/3326"}],"wp:attachment":[{"href":"https:\/\/www.sennferrero.com\/en\/wp-json\/wp\/v2\/media?parent=3331"}],"wp:term":[{"taxonomy":"category","embeddable":true,"href":"https:\/\/www.sennferrero.com\/en\/wp-json\/wp\/v2\/categories?post=3331"},{"taxonomy":"post_tag","embeddable":true,"href":"https:\/\/www.sennferrero.com\/en\/wp-json\/wp\/v2\/tags?post=3331"}],"curies":[{"name":"wp","href":"https:\/\/api.w.org\/{rel}","templated":true}]}}