{"id":3413,"date":"2020-09-03T15:30:00","date_gmt":"2020-09-03T15:30:00","guid":{"rendered":"https:\/\/sennferrero.com\/2020\/09\/03\/futbolistas-derechos-de-imagen-y-hacienda\/"},"modified":"2020-09-03T15:30:00","modified_gmt":"2020-09-03T15:30:00","slug":"futbolistas-derechos-de-imagen-y-hacienda","status":"publish","type":"post","link":"https:\/\/www.sennferrero.com\/en\/2020\/09\/03\/futbolistas-derechos-de-imagen-y-hacienda\/","title":{"rendered":"Futbolistas, derechos de imagen y Hacienda"},"content":{"rendered":"\n<p><em>Hacienda investiga a varios jugadores (Xavi, Casillas, Iniesta&#8230;) por tributaci\u00f3n de sus derechos de imagen.<\/em><\/p>\n\n\n\n<p>Art\u00edculo de opini\u00f3n de&nbsp;<strong>Eduardo Montejo (Senn Ferrero Asociados Sports &amp; Entertainment)<\/strong>&nbsp;publicado en el diario&nbsp;<strong>Expansi\u00f3n<\/strong>.<\/p>\n\n\n\n<p>En las \u00faltimas semanas estamos escuchando en prensa y televisi\u00f3n numerosos comentarios sobre los derechos de imagen de futbolistas e inspecciones llevadas a cabo por Hacienda.<\/p>\n\n\n\n<p>Para entender el fondo debemos remontarnos a los or\u00edgenes. Tanto el Tribunal Constitucional como el Tribunal Supremo reconocieron las dos caras del derecho a la imagen: por un lado una vertiente negativa que se caracteriza por el derecho a la intimidad y a la exclusi\u00f3n de terceros; y una vertiente positiva materializada en el derecho a explotar comercialmente la imagen. Por ello, muchos jugadores decidieron ya a comienzos de los a\u00f1os 90 concentrar sus derechos de imagen y los ingresos de patrocinio en sociedades. En muchos casos estas estructuras fiscales estaban dise\u00f1adas con el \u00fanico propositivo de rebajar la factura fiscal, conseguir una retribuci\u00f3n neta por parte del jugador mayor que si el salario fuera abonado directamente al mismo dado que las cantidades satisfechas a la sociedad de imagen tributaban a tipos m\u00e1s reducidos (en algunos casos nulos) que los previstos en el IRPF. Este tipo de estructuras que fue potenci\u00e1ndose (y derivando cada vez m\u00e1s porcentaje de la retribuci\u00f3n total a la sociedad \u2013en detrimento del jugador-), fue atacada por Hacienda al considerar que en la gran mayor\u00eda de casos nos encontr\u00e1bamos ante negocios de cesi\u00f3n simulados y compa\u00f1\u00edas sin actividad econ\u00f3mica real. La conclusi\u00f3n de Hacienda fue ratificada posteriormente por los Tribunales, concluyendo que las cantidades abonadas a las sociedades eran realmente salario, con las correspondientes actas y sanciones.<\/p>\n\n\n\n<p>Mediante la Ley 13\/1996, de 30 de diciembre, de medidas fiscales, administrativas y del orden social, el legislador vino a establecer un l\u00edmite en el porcentaje de rentas que pod\u00eda obtener un futbolista por la explotaci\u00f3n de su imagen a trav\u00e9s de una sociedad, fij\u00e1ndose en el 15% de las retribuciones totales. Al respecto cabe matizar dos cuestiones: (i) no es obligatorio por parte del jugador que a la hora de negociar sus condiciones econ\u00f3micas pacte que la retribuci\u00f3n por sus derechos de imagen se abonen a una sociedad (pueden abonarse a \u00e9l directamente); (ii) en la medida en que el porcentaje obtenido por la sociedad exceda del 15% de las retribuciones totales satisfechas por el club al jugador, la cantidad total obtenida por la sociedad ser\u00e1 imputada directamente al jugador.<\/p>\n\n\n\n<p>Ahora bien, esta regla que permite obtener en concepto de imagen el 15% de las retribuciones totales, convive con el r\u00e9gimen de operaciones vinculadas destinado a valorar a precios de mercado y de conformidad con las Directrices de la OCDE, todas las operaciones que se efect\u00faen entre partes vinculadas. Esto quiere decir que la cesi\u00f3n de derechos de imagen que hace un jugador a su sociedad deber\u00e1 hacerse a precios de mercado. En la medida en que el jugador cede sus derechos de imagen a su sociedad (para que a su vez \u00e9sta los ceda a terceros), \u00e9sta debe retribuir al jugador. Hacienda est\u00e1 cuestionando el precio de mercado pactado entre el jugador y su sociedad por esta cesi\u00f3n y est\u00e1 considerando en la gran mayor\u00eda de casos que la totalidad de las rentas obtenidas por la sociedad en los distintos contratos (clubes, patrocinios\u2026) debe atribuirse directamente al jugador, tributando \u00e9ste por la diferencia entre el IRPF (56% en el peor de los casos) y el Impuesto sobre Sociedades (30%).<\/p>\n\n\n\n<p>Todo ello se produce con una norma en vigor que permite la obtenci\u00f3n de un 15% a trav\u00e9s de una sociedad. \u00bfTiene realmente sentido obtener el 15% a trav\u00e9s de una sociedad para posteriormente ser imputado al jugador? En ese caso, \u00bfno ser\u00eda recomendable modificar la norma y directamente prohibir la obtenci\u00f3n de derechos de imagen a trav\u00e9s de una sociedad? Esta imputaci\u00f3n entendemos que nunca deber\u00eda ser autom\u00e1tica sino teniendo en cuenta las particularidades de cada caso en concreto, lo contrario implicar\u00eda m\u00e1s \u00e1nimo recaudatorio que t\u00e9cnica tributaria. Por ello, deber\u00edan considerarse los distintos elementos, tales como: contratos suscritos, socios, administradores, medios materiales, justificaci\u00f3n econ\u00f3mica, personal de gesti\u00f3n, remuneraci\u00f3n a mercado de la prestaci\u00f3n o informe valorativo de la imagen emitido por un experto independiente para determinar la imputaci\u00f3n en su caso de rentas al jugador.<\/p>\n\n\n\n<p>En conclusi\u00f3n, se hace necesario clarificar el tratamiento de los derechos de imagen, modificar la regulaci\u00f3n y establecer mecanismos de valoraci\u00f3n que permitan a los clubes y jugadores conocer de antemano su factura fiscal y acabar con la incertidumbre en un sector tan trascendente para la econom\u00eda espa\u00f1ola. El mundo del deporte no puede convivir con el dilema sobre si los derechos de imagen los puede explotar su sociedad o no y en su caso bajo qu\u00e9 umbral y condiciones. Una vez m\u00e1s, se sigue echando en falta un r\u00e9gimen fiscal que tenga en consideraci\u00f3n las circunstancias y particularidades que requiere el colectivo.<\/p>\n\n\n\n<p><strong><em>Eduardo Montejo. Director \u00e1rea fiscal Senn Ferrero Asociados Sports &amp; Entertainment<\/em><\/strong><\/p>\n\n\n\n<p><a href=\"http:\/\/www.sennferrero.com\/attachments\/article\/155\/Expansion-21-11-2014-EM.pdf\" target=\"_blank\" rel=\"noreferrer noopener\">Futbolistas, derechos de imagen y Hacienda<\/a><\/p>\n","protected":false},"excerpt":{"rendered":"<p>Hacienda investiga a varios jugadores (Xavi, Casillas, Iniesta&#8230;) por tributaci\u00f3n de sus derechos de imagen.<\/p>\n","protected":false},"author":3,"featured_media":2554,"comment_status":"open","ping_status":"open","sticky":false,"template":"","format":"standard","meta":{"_acf_changed":false,"footnotes":""},"categories":[84],"tags":[105],"class_list":["post-3413","post","type-post","status-publish","format-standard","has-post-thumbnail","hentry","category-opinions","tag-eduardo-montejo-en"],"acf":[],"yoast_head":"<!-- This site is optimized with the Yoast SEO plugin v26.6 - https:\/\/yoast.com\/wordpress\/plugins\/seo\/ -->\n<title>Futbolistas, derechos de imagen y Hacienda - Senn Ferrero<\/title>\n<meta name=\"robots\" content=\"index, follow, max-snippet:-1, max-image-preview:large, max-video-preview:-1\" \/>\n<link rel=\"canonical\" href=\"https:\/\/www.sennferrero.com\/en\/2020\/09\/03\/futbolistas-derechos-de-imagen-y-hacienda\/\" \/>\n<meta property=\"og:locale\" content=\"en_US\" \/>\n<meta property=\"og:type\" content=\"article\" \/>\n<meta property=\"og:title\" content=\"Futbolistas, derechos de imagen y Hacienda - Senn Ferrero\" \/>\n<meta property=\"og:description\" content=\"Hacienda investiga a varios jugadores (Xavi, Casillas, Iniesta...) por tributaci\u00f3n de sus derechos de imagen.\" \/>\n<meta property=\"og:url\" content=\"https:\/\/www.sennferrero.com\/en\/2020\/09\/03\/futbolistas-derechos-de-imagen-y-hacienda\/\" \/>\n<meta property=\"og:site_name\" content=\"Senn Ferrero\" \/>\n<meta property=\"article:published_time\" content=\"2020-09-03T15:30:00+00:00\" \/>\n<meta property=\"og:image\" content=\"https:\/\/www.sennferrero.com\/wp-content\/uploads\/2021\/01\/edurardo_montejo.png\" \/>\n\t<meta property=\"og:image:width\" content=\"901\" \/>\n\t<meta property=\"og:image:height\" content=\"400\" \/>\n\t<meta property=\"og:image:type\" content=\"image\/png\" \/>\n<meta name=\"author\" content=\"Juan Arano\" \/>\n<meta name=\"twitter:card\" content=\"summary_large_image\" \/>\n<meta name=\"twitter:label1\" content=\"Written by\" \/>\n\t<meta name=\"twitter:data1\" content=\"Juan Arano\" \/>\n\t<meta name=\"twitter:label2\" content=\"Est. reading time\" \/>\n\t<meta name=\"twitter:data2\" content=\"4 minutes\" \/>\n<script type=\"application\/ld+json\" class=\"yoast-schema-graph\">{\"@context\":\"https:\/\/schema.org\",\"@graph\":[{\"@type\":\"WebPage\",\"@id\":\"https:\/\/www.sennferrero.com\/en\/2020\/09\/03\/futbolistas-derechos-de-imagen-y-hacienda\/\",\"url\":\"https:\/\/www.sennferrero.com\/en\/2020\/09\/03\/futbolistas-derechos-de-imagen-y-hacienda\/\",\"name\":\"Futbolistas, derechos de imagen y Hacienda - Senn Ferrero\",\"isPartOf\":{\"@id\":\"https:\/\/www.sennferrero.com\/en\/#website\"},\"primaryImageOfPage\":{\"@id\":\"https:\/\/www.sennferrero.com\/en\/2020\/09\/03\/futbolistas-derechos-de-imagen-y-hacienda\/#primaryimage\"},\"image\":{\"@id\":\"https:\/\/www.sennferrero.com\/en\/2020\/09\/03\/futbolistas-derechos-de-imagen-y-hacienda\/#primaryimage\"},\"thumbnailUrl\":\"https:\/\/www.sennferrero.com\/wp-content\/uploads\/2021\/01\/edurardo_montejo.png\",\"datePublished\":\"2020-09-03T15:30:00+00:00\",\"author\":{\"@id\":\"https:\/\/www.sennferrero.com\/en\/#\/schema\/person\/86c3d2e970dac903f40e96d4841a84b0\"},\"breadcrumb\":{\"@id\":\"https:\/\/www.sennferrero.com\/en\/2020\/09\/03\/futbolistas-derechos-de-imagen-y-hacienda\/#breadcrumb\"},\"inLanguage\":\"en-US\",\"potentialAction\":[{\"@type\":\"ReadAction\",\"target\":[\"https:\/\/www.sennferrero.com\/en\/2020\/09\/03\/futbolistas-derechos-de-imagen-y-hacienda\/\"]}]},{\"@type\":\"ImageObject\",\"inLanguage\":\"en-US\",\"@id\":\"https:\/\/www.sennferrero.com\/en\/2020\/09\/03\/futbolistas-derechos-de-imagen-y-hacienda\/#primaryimage\",\"url\":\"https:\/\/www.sennferrero.com\/wp-content\/uploads\/2021\/01\/edurardo_montejo.png\",\"contentUrl\":\"https:\/\/www.sennferrero.com\/wp-content\/uploads\/2021\/01\/edurardo_montejo.png\",\"width\":901,\"height\":400},{\"@type\":\"BreadcrumbList\",\"@id\":\"https:\/\/www.sennferrero.com\/en\/2020\/09\/03\/futbolistas-derechos-de-imagen-y-hacienda\/#breadcrumb\",\"itemListElement\":[{\"@type\":\"ListItem\",\"position\":1,\"name\":\"Portada\",\"item\":\"https:\/\/www.sennferrero.com\/en\/\"},{\"@type\":\"ListItem\",\"position\":2,\"name\":\"Futbolistas, derechos de imagen y Hacienda\"}]},{\"@type\":\"WebSite\",\"@id\":\"https:\/\/www.sennferrero.com\/en\/#website\",\"url\":\"https:\/\/www.sennferrero.com\/en\/\",\"name\":\"Senn Ferrero\",\"description\":\"A personal service, a global company\",\"potentialAction\":[{\"@type\":\"SearchAction\",\"target\":{\"@type\":\"EntryPoint\",\"urlTemplate\":\"https:\/\/www.sennferrero.com\/en\/?s={search_term_string}\"},\"query-input\":{\"@type\":\"PropertyValueSpecification\",\"valueRequired\":true,\"valueName\":\"search_term_string\"}}],\"inLanguage\":\"en-US\"},{\"@type\":\"Person\",\"@id\":\"https:\/\/www.sennferrero.com\/en\/#\/schema\/person\/86c3d2e970dac903f40e96d4841a84b0\",\"name\":\"Juan Arano\",\"image\":{\"@type\":\"ImageObject\",\"inLanguage\":\"en-US\",\"@id\":\"https:\/\/www.sennferrero.com\/en\/#\/schema\/person\/image\/\",\"url\":\"https:\/\/secure.gravatar.com\/avatar\/4af81b670254b85380fc75d5ebda96b9a04eab6f516049bb7924967e64fd40c8?s=96&d=mm&r=g\",\"contentUrl\":\"https:\/\/secure.gravatar.com\/avatar\/4af81b670254b85380fc75d5ebda96b9a04eab6f516049bb7924967e64fd40c8?s=96&d=mm&r=g\",\"caption\":\"Juan Arano\"},\"url\":\"https:\/\/www.sennferrero.com\/en\/author\/juanarano\/\"}]}<\/script>\n<!-- \/ Yoast SEO plugin. -->","yoast_head_json":{"title":"Futbolistas, derechos de imagen y Hacienda - Senn Ferrero","robots":{"index":"index","follow":"follow","max-snippet":"max-snippet:-1","max-image-preview":"max-image-preview:large","max-video-preview":"max-video-preview:-1"},"canonical":"https:\/\/www.sennferrero.com\/en\/2020\/09\/03\/futbolistas-derechos-de-imagen-y-hacienda\/","og_locale":"en_US","og_type":"article","og_title":"Futbolistas, derechos de imagen y Hacienda - Senn Ferrero","og_description":"Hacienda investiga a varios jugadores (Xavi, Casillas, Iniesta...) por tributaci\u00f3n de sus derechos de imagen.","og_url":"https:\/\/www.sennferrero.com\/en\/2020\/09\/03\/futbolistas-derechos-de-imagen-y-hacienda\/","og_site_name":"Senn Ferrero","article_published_time":"2020-09-03T15:30:00+00:00","og_image":[{"width":901,"height":400,"url":"https:\/\/www.sennferrero.com\/wp-content\/uploads\/2021\/01\/edurardo_montejo.png","type":"image\/png"}],"author":"Juan Arano","twitter_card":"summary_large_image","twitter_misc":{"Written by":"Juan Arano","Est. reading time":"4 minutes"},"schema":{"@context":"https:\/\/schema.org","@graph":[{"@type":"WebPage","@id":"https:\/\/www.sennferrero.com\/en\/2020\/09\/03\/futbolistas-derechos-de-imagen-y-hacienda\/","url":"https:\/\/www.sennferrero.com\/en\/2020\/09\/03\/futbolistas-derechos-de-imagen-y-hacienda\/","name":"Futbolistas, derechos de imagen y Hacienda - Senn Ferrero","isPartOf":{"@id":"https:\/\/www.sennferrero.com\/en\/#website"},"primaryImageOfPage":{"@id":"https:\/\/www.sennferrero.com\/en\/2020\/09\/03\/futbolistas-derechos-de-imagen-y-hacienda\/#primaryimage"},"image":{"@id":"https:\/\/www.sennferrero.com\/en\/2020\/09\/03\/futbolistas-derechos-de-imagen-y-hacienda\/#primaryimage"},"thumbnailUrl":"https:\/\/www.sennferrero.com\/wp-content\/uploads\/2021\/01\/edurardo_montejo.png","datePublished":"2020-09-03T15:30:00+00:00","author":{"@id":"https:\/\/www.sennferrero.com\/en\/#\/schema\/person\/86c3d2e970dac903f40e96d4841a84b0"},"breadcrumb":{"@id":"https:\/\/www.sennferrero.com\/en\/2020\/09\/03\/futbolistas-derechos-de-imagen-y-hacienda\/#breadcrumb"},"inLanguage":"en-US","potentialAction":[{"@type":"ReadAction","target":["https:\/\/www.sennferrero.com\/en\/2020\/09\/03\/futbolistas-derechos-de-imagen-y-hacienda\/"]}]},{"@type":"ImageObject","inLanguage":"en-US","@id":"https:\/\/www.sennferrero.com\/en\/2020\/09\/03\/futbolistas-derechos-de-imagen-y-hacienda\/#primaryimage","url":"https:\/\/www.sennferrero.com\/wp-content\/uploads\/2021\/01\/edurardo_montejo.png","contentUrl":"https:\/\/www.sennferrero.com\/wp-content\/uploads\/2021\/01\/edurardo_montejo.png","width":901,"height":400},{"@type":"BreadcrumbList","@id":"https:\/\/www.sennferrero.com\/en\/2020\/09\/03\/futbolistas-derechos-de-imagen-y-hacienda\/#breadcrumb","itemListElement":[{"@type":"ListItem","position":1,"name":"Portada","item":"https:\/\/www.sennferrero.com\/en\/"},{"@type":"ListItem","position":2,"name":"Futbolistas, derechos de imagen y Hacienda"}]},{"@type":"WebSite","@id":"https:\/\/www.sennferrero.com\/en\/#website","url":"https:\/\/www.sennferrero.com\/en\/","name":"Senn Ferrero","description":"A personal service, a global company","potentialAction":[{"@type":"SearchAction","target":{"@type":"EntryPoint","urlTemplate":"https:\/\/www.sennferrero.com\/en\/?s={search_term_string}"},"query-input":{"@type":"PropertyValueSpecification","valueRequired":true,"valueName":"search_term_string"}}],"inLanguage":"en-US"},{"@type":"Person","@id":"https:\/\/www.sennferrero.com\/en\/#\/schema\/person\/86c3d2e970dac903f40e96d4841a84b0","name":"Juan Arano","image":{"@type":"ImageObject","inLanguage":"en-US","@id":"https:\/\/www.sennferrero.com\/en\/#\/schema\/person\/image\/","url":"https:\/\/secure.gravatar.com\/avatar\/4af81b670254b85380fc75d5ebda96b9a04eab6f516049bb7924967e64fd40c8?s=96&d=mm&r=g","contentUrl":"https:\/\/secure.gravatar.com\/avatar\/4af81b670254b85380fc75d5ebda96b9a04eab6f516049bb7924967e64fd40c8?s=96&d=mm&r=g","caption":"Juan Arano"},"url":"https:\/\/www.sennferrero.com\/en\/author\/juanarano\/"}]}},"_links":{"self":[{"href":"https:\/\/www.sennferrero.com\/en\/wp-json\/wp\/v2\/posts\/3413","targetHints":{"allow":["GET"]}}],"collection":[{"href":"https:\/\/www.sennferrero.com\/en\/wp-json\/wp\/v2\/posts"}],"about":[{"href":"https:\/\/www.sennferrero.com\/en\/wp-json\/wp\/v2\/types\/post"}],"author":[{"embeddable":true,"href":"https:\/\/www.sennferrero.com\/en\/wp-json\/wp\/v2\/users\/3"}],"replies":[{"embeddable":true,"href":"https:\/\/www.sennferrero.com\/en\/wp-json\/wp\/v2\/comments?post=3413"}],"version-history":[{"count":0,"href":"https:\/\/www.sennferrero.com\/en\/wp-json\/wp\/v2\/posts\/3413\/revisions"}],"wp:featuredmedia":[{"embeddable":true,"href":"https:\/\/www.sennferrero.com\/en\/wp-json\/wp\/v2\/media\/2554"}],"wp:attachment":[{"href":"https:\/\/www.sennferrero.com\/en\/wp-json\/wp\/v2\/media?parent=3413"}],"wp:term":[{"taxonomy":"category","embeddable":true,"href":"https:\/\/www.sennferrero.com\/en\/wp-json\/wp\/v2\/categories?post=3413"},{"taxonomy":"post_tag","embeddable":true,"href":"https:\/\/www.sennferrero.com\/en\/wp-json\/wp\/v2\/tags?post=3413"}],"curies":[{"name":"wp","href":"https:\/\/api.w.org\/{rel}","templated":true}]}}